{"id":9521,"date":"2023-09-22T11:00:58","date_gmt":"2023-09-22T09:00:58","guid":{"rendered":"https:\/\/circoloculturalesanfrancesco.org\/?p=9521"},"modified":"2023-09-23T20:58:57","modified_gmt":"2023-09-23T18:58:57","slug":"11-cinecircolo-cose","status":"publish","type":"post","link":"https:\/\/circoloculturalesanfrancesco.org\/site\/11-cinecircolo-cose\/","title":{"rendered":"11\u00b0 CineCircolo: cos\u2019\u00e8?"},"content":{"rendered":"<div class=\"pdfprnt-buttons pdfprnt-buttons-post pdfprnt-top-right\"><a href=\"https:\/\/circoloculturalesanfrancesco.org\/site\/wp-json\/wp\/v2\/posts\/9521?print=pdf\" class=\"pdfprnt-button pdfprnt-button-pdf\" target=\"_blank\"><img decoding=\"async\" src=\"https:\/\/circoloculturalesanfrancesco.org\/site\/wp-content\/plugins\/pdf-print\/images\/pdf.png\" alt=\"image_pdf\" title=\"Visualizza PDF\" \/><\/a><a href=\"https:\/\/circoloculturalesanfrancesco.org\/site\/wp-json\/wp\/v2\/posts\/9521?print=print\" class=\"pdfprnt-button pdfprnt-button-print\" target=\"_blank\"><img decoding=\"async\" src=\"https:\/\/circoloculturalesanfrancesco.org\/site\/wp-content\/plugins\/pdf-print\/images\/print.png\" alt=\"image_print\" title=\"Stampa contenuto\" \/><\/a><\/div>\n<div class=\"wp-block-image is-style-rounded\"><figure class=\"alignright size-large\"><a href=\"https:\/\/circoloculturalesanfrancesco.org\/site\/wp-content\/uploads\/2023\/09\/429725d6f3d17227d81683f06ca26386.jpg\"><img loading=\"lazy\" decoding=\"async\" width=\"236\" height=\"356\" src=\"https:\/\/circoloculturalesanfrancesco.org\/site\/wp-content\/uploads\/2023\/09\/429725d6f3d17227d81683f06ca26386.jpg\" alt=\"\" class=\"wp-image-9523\" srcset=\"https:\/\/circoloculturalesanfrancesco.org\/site\/wp-content\/uploads\/2023\/09\/429725d6f3d17227d81683f06ca26386.jpg 236w, https:\/\/circoloculturalesanfrancesco.org\/site\/wp-content\/uploads\/2023\/09\/429725d6f3d17227d81683f06ca26386-199x300.jpg 199w, https:\/\/circoloculturalesanfrancesco.org\/site\/wp-content\/uploads\/2023\/09\/429725d6f3d17227d81683f06ca26386-66x100.jpg 66w, https:\/\/circoloculturalesanfrancesco.org\/site\/wp-content\/uploads\/2023\/09\/429725d6f3d17227d81683f06ca26386-51x77.jpg 51w\" sizes=\"(max-width: 236px) 100vw, 236px\" \/><\/a><\/figure><\/div>\n\n\n\n<p>L\u201911\u00b0 <em>Cine<\/em>Circolo \u00e8 la rassegna cinematografica, con il <em>cine<\/em>dibattito, che si terr\u00e0 <strong>dal 13 ottobre 2023 al 21 giugno 2024<\/strong> e si snoder\u00e0 tra le Serate conviviali del <em>Wiki<\/em>Circolo, in successione alterna. Il Circolo, tingendole, anch&#8217;esse, per la seconda volta, dei colori tradizionalmente associati alle donne: rosa, blu e giallo, e assegnandole il motto: \u00ab<strong>Donne pioniere, generative, altruiste e coraggiose, in un mondo dispari, per immagini<\/strong>\u00bb, intende ridare graziosit\u00e0, tenerezza, bellezza, coraggio e speranza a un mondo acromatico, travolto dalle violenze e persecuzioni, oscurato dai nazionalismi ed estremismi, marcato dalle migrazioni e sfigurato dalle calamit\u00e0. Lo intende fare con le <strong>15<\/strong> <strong>pellicole<\/strong>, ponderatamente selezionate dallo Staff e focalizzate sulle donne straordinarie, generative, altruiste, coraggiose. Per gustare maggiormente tutta la rassegna cinematografica, propone anche le <strong>3<\/strong> Serate speciali: 1. Mer<strong> 21 dic<\/strong> 2023 \u2013<strong> \u2039Reading\u203a in musica, per l&#8217;8\u00b0 centenario del Natale di Greccio <\/strong>[262]; 2. Ve<strong> 7 giu<\/strong> 2024 \u2013<strong> \u00abGiubilo del cuore, in onore del Sacro Cuore\u00bb<\/strong> [283]; 3. Ve<strong> 21 giu <\/strong>2024 \u2013<strong> \u00ab\u2039Reading\u203a in musica, in elogio delle donne\u00bb<\/strong> [285].<\/p>\n\n\n\n<figure class=\"wp-block-image size-large is-resized is-style-rounded\"><a href=\"https:\/\/circoloculturalesanfrancesco.org\/site\/wp-content\/uploads\/2023\/09\/Greccio-VIII.jpeg\"><img loading=\"lazy\" decoding=\"async\" src=\"https:\/\/circoloculturalesanfrancesco.org\/site\/wp-content\/uploads\/2023\/09\/Greccio-VIII.jpeg\" alt=\"\" class=\"wp-image-9524\" width=\"441\" height=\"118\" srcset=\"https:\/\/circoloculturalesanfrancesco.org\/site\/wp-content\/uploads\/2023\/09\/Greccio-VIII.jpeg 435w, https:\/\/circoloculturalesanfrancesco.org\/site\/wp-content\/uploads\/2023\/09\/Greccio-VIII-300x80.jpeg 300w, https:\/\/circoloculturalesanfrancesco.org\/site\/wp-content\/uploads\/2023\/09\/Greccio-VIII-100x27.jpeg 100w, https:\/\/circoloculturalesanfrancesco.org\/site\/wp-content\/uploads\/2023\/09\/Greccio-VIII-289x77.jpeg 289w\" sizes=\"(max-width: 441px) 100vw, 441px\" \/><\/a><\/figure>\n\n\n\n<p>\u00c8 da ricordare che il <em>Cine<\/em>Circolo, fin dall&#8217;inizio, ha la sua <strong>peculiarit\u00e0<\/strong>: ogni Serata cinematografica, dopo la proiezione del film, <strong>catalizza l&#8217;attenzione dei suoi cinefili su un argomento di attualit\u00e0<\/strong>, sollevato e illustrato dal regista. L&#8217;argomento viene approfondito, dibattuto e illuminato dalla Serata conviviale precedente o successiva. Tutto si svolge in un contesto che ci ha fatto capire che \u00abtutti siamo fratelli e \u2039sorelle\u203a\u00bb (<em>Fratelli tutti<\/em>, n. 278), tutti connessi, tutti in relazione, tutti \u00absulla stessa barca\u00bb (ivi, 30), e il nostro esistere \u00e8 un \u00abpro-esistere\u00bb, impensabile senza guardare \u00abil volto del fratello, toccare la sua carne, sentire la sua prossimit\u00e0\u00bb (<em>ivi<\/em>, 115), senza \u00abcostituirci in un \u201cnoi\u201d\u00bb (ivi, 17), senza aver cura della \u00absora nostra matre Terra\u00bb (<em>Cant<\/em>, v. 9: <em>FF<\/em> 263), che, \u00aboppressa e devastata (&#8230;), &#8220;geme e soffre le doglie del parto&#8221; (<em>Rm<\/em> 8,22)\u00bb (<em>Laudato si&#8217;<\/em>, n. 2).<\/p>\n\n\n\n<div class=\"wp-block-image is-style-default\"><figure class=\"aligncenter size-medium\"><a href=\"https:\/\/circoloculturalesanfrancesco.org\/site\/wp-content\/uploads\/2023\/09\/CineCircolo-2023-2024-11a-ed.-Depliant-Publisher-1-scaled.jpg\"><img loading=\"lazy\" decoding=\"async\" width=\"300\" height=\"212\" src=\"https:\/\/circoloculturalesanfrancesco.org\/site\/wp-content\/uploads\/2023\/09\/CineCircolo-2023-2024-11a-ed.-Depliant-Publisher-1-300x212.jpg\" alt=\"\" class=\"wp-image-9525\" srcset=\"https:\/\/circoloculturalesanfrancesco.org\/site\/wp-content\/uploads\/2023\/09\/CineCircolo-2023-2024-11a-ed.-Depliant-Publisher-1-300x212.jpg 300w, https:\/\/circoloculturalesanfrancesco.org\/site\/wp-content\/uploads\/2023\/09\/CineCircolo-2023-2024-11a-ed.-Depliant-Publisher-1-1024x724.jpg 1024w, https:\/\/circoloculturalesanfrancesco.org\/site\/wp-content\/uploads\/2023\/09\/CineCircolo-2023-2024-11a-ed.-Depliant-Publisher-1-768x543.jpg 768w, https:\/\/circoloculturalesanfrancesco.org\/site\/wp-content\/uploads\/2023\/09\/CineCircolo-2023-2024-11a-ed.-Depliant-Publisher-1-1536x1086.jpg 1536w, https:\/\/circoloculturalesanfrancesco.org\/site\/wp-content\/uploads\/2023\/09\/CineCircolo-2023-2024-11a-ed.-Depliant-Publisher-1-2048x1448.jpg 2048w, https:\/\/circoloculturalesanfrancesco.org\/site\/wp-content\/uploads\/2023\/09\/CineCircolo-2023-2024-11a-ed.-Depliant-Publisher-1-100x71.jpg 100w, https:\/\/circoloculturalesanfrancesco.org\/site\/wp-content\/uploads\/2023\/09\/CineCircolo-2023-2024-11a-ed.-Depliant-Publisher-1-109x77.jpg 109w\" sizes=\"(max-width: 300px) 100vw, 300px\" \/><\/a><\/figure><\/div>\n\n\n\n<div class=\"wp-block-image is-style-default\"><figure class=\"aligncenter size-medium\"><a href=\"https:\/\/circoloculturalesanfrancesco.org\/site\/wp-content\/uploads\/2023\/09\/CineCircolo-2023-2024-11a-ed.-Depliant-Publisher-2-scaled.jpg\"><img loading=\"lazy\" decoding=\"async\" width=\"300\" height=\"212\" src=\"https:\/\/circoloculturalesanfrancesco.org\/site\/wp-content\/uploads\/2023\/09\/CineCircolo-2023-2024-11a-ed.-Depliant-Publisher-2-300x212.jpg\" alt=\"\" class=\"wp-image-9526\" srcset=\"https:\/\/circoloculturalesanfrancesco.org\/site\/wp-content\/uploads\/2023\/09\/CineCircolo-2023-2024-11a-ed.-Depliant-Publisher-2-300x212.jpg 300w, https:\/\/circoloculturalesanfrancesco.org\/site\/wp-content\/uploads\/2023\/09\/CineCircolo-2023-2024-11a-ed.-Depliant-Publisher-2-1024x724.jpg 1024w, https:\/\/circoloculturalesanfrancesco.org\/site\/wp-content\/uploads\/2023\/09\/CineCircolo-2023-2024-11a-ed.-Depliant-Publisher-2-768x543.jpg 768w, https:\/\/circoloculturalesanfrancesco.org\/site\/wp-content\/uploads\/2023\/09\/CineCircolo-2023-2024-11a-ed.-Depliant-Publisher-2-1536x1086.jpg 1536w, https:\/\/circoloculturalesanfrancesco.org\/site\/wp-content\/uploads\/2023\/09\/CineCircolo-2023-2024-11a-ed.-Depliant-Publisher-2-2048x1448.jpg 2048w, https:\/\/circoloculturalesanfrancesco.org\/site\/wp-content\/uploads\/2023\/09\/CineCircolo-2023-2024-11a-ed.-Depliant-Publisher-2-100x71.jpg 100w, https:\/\/circoloculturalesanfrancesco.org\/site\/wp-content\/uploads\/2023\/09\/CineCircolo-2023-2024-11a-ed.-Depliant-Publisher-2-109x77.jpg 109w\" sizes=\"(max-width: 300px) 100vw, 300px\" \/><\/a><\/figure><\/div>\n\n\n\n<p>Il motto o, meglio, il filo conduttore dell&#8217;11\u00aa edizione del <em>Cine<\/em>Circolo, si ispira agli<strong> stessi documenti del 11\u00b0 <em>Wiki<\/em>Circolo<\/strong> (vedi il d\u00e9pliant). Ambedue le edizioni, inserendosi appieno <strong>nell&#8217;8\u00b0 centenario sanfrancescano<\/strong>, celebrato nel triennio 2023-2026, e <strong>nella fase universale del cammino sinodale<\/strong>, articolata nelle due sessioni della 16\u00aa assemblea generale ordinaria del Sinodo dei vescovi in Vaticano (ottobre 2023 e ottobre 2024), si illumineranno a vicenda: veicoleranno, integreranno e approfondiranno lo stesso argomento, e saranno in ideale sintonia con lo spirito del Circolo: \u00abdiffondere la cultura e prendersi cura dell&#8217;altro, all&#8217;insegna del dialogo, dell&#8217;accoglienza, della fraternit\u00e0 e sororit\u00e0\u00bb. <strong>Ogni venerd\u00ec<\/strong> racconteranno e proietteranno figure femminili positive e propositive. In tal modo potranno generare speranza, coraggio e bellezza, tenendo vivo l&#8217;orizzonte sognato da frate Francesco, nel suo <em>Cantico di frate Sole<\/em>, e da papa Francesco, nella sua enciclica <em>Fratelli tutti<\/em>.<\/p>\n\n\n\n<p>Le emergenze planetarie, che stiamo vivendo, ci offrono opportunit\u00e0 straordinarie. Le donne dell&#8217;attuale edizione, capaci di stare in prima linea in contesti di guerra, fame, povert\u00e0, tratta, in ogni periferia esistenziale, sfidando schemi e preconcetti, ci aiuteranno, indubbiamente, con il loro \u00ab<strong>genio<\/strong>\u00bb e l&#8217;<strong>ingegno<\/strong> femminile, a ridisegnare i nostri confini, allargare i nostri orizzonti, scoprire e scegliere anche inedite rotte di senso e nuovi approcci alla vita. Il loro contributo \u00e8 stato sempre impareggiabile per l&#8217;avvenire della societ\u00e0. \u00c8 tempo che tutte \u00absi sentano non ospiti, ma pienamente partecipi\u00bb di vari settori della vita sociale ed ecclesiale, svegliando anche in noi uomini il \u00abcervello materno\u00bb (cfr. <em>Evangelii gaudium<\/em>, 46). Il \u00abcervello materno\u00bb reagisce creativamente davanti alle emergenze, moltiplica la propria forza, sa rischiare e decentrarsi: passare dall&#8217;essere per s\u00e9 all&#8217;essere per l&#8217;altro.<\/p>\n\n\n\n<p><em>Piotr Anzulewicz OFMConv<\/em><\/p>\n","protected":false},"excerpt":{"rendered":"<p>L\u201911\u00b0 CineCircolo \u00e8 la rassegna cinematografica, con il cinedibattito, che si terr\u00e0 dal 13 ottobre 2023 al 21 giugno 2024 e si snoder\u00e0 tra le Serate conviviali del WikiCircolo, in successione alterna. Il Circolo,&#46;&#46;&#46;<\/p>\n","protected":false},"author":8,"featured_media":9522,"comment_status":"open","ping_status":"closed","sticky":false,"template":"","format":"standard","meta":{"ngg_post_thumbnail":0,"footnotes":""},"categories":[48,249,32],"tags":[65],"yoast_head":"<!-- This site is optimized with the Yoast SEO plugin v18.3 - https:\/\/yoast.com\/wordpress\/plugins\/seo\/ -->\n<title>11\u00b0 CineCircolo: cos\u2019\u00e8? -<\/title>\n<meta name=\"robots\" content=\"index, follow, max-snippet:-1, max-image-preview:large, max-video-preview:-1\" \/>\n<link rel=\"canonical\" href=\"https:\/\/circoloculturalesanfrancesco.org\/11-cinecircolo-cose\/\" \/>\n<meta property=\"og:locale\" content=\"it_IT\" \/>\n<meta property=\"og:type\" content=\"article\" \/>\n<meta property=\"og:title\" content=\"11\u00b0 CineCircolo: cos\u2019\u00e8? -\" \/>\n<meta property=\"og:description\" content=\"L\u201911\u00b0 CineCircolo \u00e8 la rassegna cinematografica, con il cinedibattito, che si terr\u00e0 dal 13 ottobre 2023 al 21 giugno 2024 e si snoder\u00e0 tra le Serate conviviali del WikiCircolo, in successione alterna. Il Circolo,&#046;&#046;&#046;\" \/>\n<meta property=\"og:url\" content=\"https:\/\/circoloculturalesanfrancesco.org\/11-cinecircolo-cose\/\" \/>\n<meta property=\"article:author\" content=\"https:\/\/www.facebook.com\/circoloculturalesanfrancescocatanzaro\/\" \/>\n<meta property=\"article:published_time\" content=\"2023-09-22T09:00:58+00:00\" \/>\n<meta property=\"article:modified_time\" content=\"2023-09-23T18:58:57+00:00\" \/>\n<meta property=\"og:image\" content=\"https:\/\/circoloculturalesanfrancesco.org\/site\/wp-content\/uploads\/2023\/09\/9eb75026536d35d1005e29aef8b3d839-e1695372093553.jpg\" \/>\n\t<meta property=\"og:image:width\" content=\"236\" \/>\n\t<meta property=\"og:image:height\" content=\"199\" \/>\n\t<meta property=\"og:image:type\" content=\"image\/jpeg\" \/>\n<meta name=\"twitter:label1\" content=\"Scritto da\" \/>\n\t<meta name=\"twitter:data1\" content=\"admin\" \/>\n\t<meta name=\"twitter:label2\" content=\"Tempo di lettura stimato\" \/>\n\t<meta name=\"twitter:data2\" content=\"4 minuti\" \/>\n<script type=\"application\/ld+json\" class=\"yoast-schema-graph\">{\"@context\":\"https:\/\/schema.org\",\"@graph\":[{\"@type\":\"WebSite\",\"@id\":\"https:\/\/circoloculturalesanfrancesco.org\/site\/#website\",\"url\":\"https:\/\/circoloculturalesanfrancesco.org\/site\/\",\"name\":\"\",\"description\":\"\",\"potentialAction\":[{\"@type\":\"SearchAction\",\"target\":{\"@type\":\"EntryPoint\",\"urlTemplate\":\"https:\/\/circoloculturalesanfrancesco.org\/site\/?s={search_term_string}\"},\"query-input\":\"required name=search_term_string\"}],\"inLanguage\":\"it-IT\"},{\"@type\":\"ImageObject\",\"@id\":\"https:\/\/circoloculturalesanfrancesco.org\/11-cinecircolo-cose\/#primaryimage\",\"inLanguage\":\"it-IT\",\"url\":\"https:\/\/circoloculturalesanfrancesco.org\/site\/wp-content\/uploads\/2023\/09\/9eb75026536d35d1005e29aef8b3d839-e1695372093553.jpg\",\"contentUrl\":\"https:\/\/circoloculturalesanfrancesco.org\/site\/wp-content\/uploads\/2023\/09\/9eb75026536d35d1005e29aef8b3d839-e1695372093553.jpg\",\"width\":236,\"height\":199},{\"@type\":\"WebPage\",\"@id\":\"https:\/\/circoloculturalesanfrancesco.org\/11-cinecircolo-cose\/#webpage\",\"url\":\"https:\/\/circoloculturalesanfrancesco.org\/11-cinecircolo-cose\/\",\"name\":\"11\u00b0 CineCircolo: cos\u2019\u00e8? -\",\"isPartOf\":{\"@id\":\"https:\/\/circoloculturalesanfrancesco.org\/site\/#website\"},\"primaryImageOfPage\":{\"@id\":\"https:\/\/circoloculturalesanfrancesco.org\/11-cinecircolo-cose\/#primaryimage\"},\"datePublished\":\"2023-09-22T09:00:58+00:00\",\"dateModified\":\"2023-09-23T18:58:57+00:00\",\"author\":{\"@id\":\"https:\/\/circoloculturalesanfrancesco.org\/site\/#\/schema\/person\/aaf2eff003877a067bad8f35656b0ec2\"},\"breadcrumb\":{\"@id\":\"https:\/\/circoloculturalesanfrancesco.org\/11-cinecircolo-cose\/#breadcrumb\"},\"inLanguage\":\"it-IT\",\"potentialAction\":[{\"@type\":\"ReadAction\",\"target\":[\"https:\/\/circoloculturalesanfrancesco.org\/11-cinecircolo-cose\/\"]}]},{\"@type\":\"BreadcrumbList\",\"@id\":\"https:\/\/circoloculturalesanfrancesco.org\/11-cinecircolo-cose\/#breadcrumb\",\"itemListElement\":[{\"@type\":\"ListItem\",\"position\":1,\"name\":\"Home\",\"item\":\"https:\/\/circoloculturalesanfrancesco.org\/site\/\"},{\"@type\":\"ListItem\",\"position\":2,\"name\":\"11\u00b0 CineCircolo: cos\u2019\u00e8?\"}]},{\"@type\":\"Person\",\"@id\":\"https:\/\/circoloculturalesanfrancesco.org\/site\/#\/schema\/person\/aaf2eff003877a067bad8f35656b0ec2\",\"name\":\"admin\",\"image\":{\"@type\":\"ImageObject\",\"@id\":\"https:\/\/circoloculturalesanfrancesco.org\/site\/#personlogo\",\"inLanguage\":\"it-IT\",\"url\":\"https:\/\/secure.gravatar.com\/avatar\/4c528ef69a5e20c241fb0d2a3863e2fd?s=96&d=identicon&r=g\",\"contentUrl\":\"https:\/\/secure.gravatar.com\/avatar\/4c528ef69a5e20c241fb0d2a3863e2fd?s=96&d=identicon&r=g\",\"caption\":\"admin\"},\"sameAs\":[\"http:\/\/www.circoloculturalesanfrancesco.org\",\"https:\/\/www.facebook.com\/circoloculturalesanfrancescocatanzaro\/\"],\"url\":\"https:\/\/circoloculturalesanfrancesco.org\/site\/author\/panzulewicz\/\"}]}<\/script>\n<!-- \/ Yoast SEO plugin. -->","yoast_head_json":{"title":"11\u00b0 CineCircolo: cos\u2019\u00e8? -","robots":{"index":"index","follow":"follow","max-snippet":"max-snippet:-1","max-image-preview":"max-image-preview:large","max-video-preview":"max-video-preview:-1"},"canonical":"https:\/\/circoloculturalesanfrancesco.org\/11-cinecircolo-cose\/","og_locale":"it_IT","og_type":"article","og_title":"11\u00b0 CineCircolo: cos\u2019\u00e8? -","og_description":"L\u201911\u00b0 CineCircolo \u00e8 la rassegna cinematografica, con il cinedibattito, che si terr\u00e0 dal 13 ottobre 2023 al 21 giugno 2024 e si snoder\u00e0 tra le Serate conviviali del WikiCircolo, in successione alterna. Il Circolo,&#46;&#46;&#46;","og_url":"https:\/\/circoloculturalesanfrancesco.org\/11-cinecircolo-cose\/","article_author":"https:\/\/www.facebook.com\/circoloculturalesanfrancescocatanzaro\/","article_published_time":"2023-09-22T09:00:58+00:00","article_modified_time":"2023-09-23T18:58:57+00:00","og_image":[{"width":236,"height":199,"url":"https:\/\/circoloculturalesanfrancesco.org\/site\/wp-content\/uploads\/2023\/09\/9eb75026536d35d1005e29aef8b3d839-e1695372093553.jpg","type":"image\/jpeg"}],"twitter_misc":{"Scritto da":"admin","Tempo di lettura stimato":"4 minuti"},"schema":{"@context":"https:\/\/schema.org","@graph":[{"@type":"WebSite","@id":"https:\/\/circoloculturalesanfrancesco.org\/site\/#website","url":"https:\/\/circoloculturalesanfrancesco.org\/site\/","name":"","description":"","potentialAction":[{"@type":"SearchAction","target":{"@type":"EntryPoint","urlTemplate":"https:\/\/circoloculturalesanfrancesco.org\/site\/?s={search_term_string}"},"query-input":"required name=search_term_string"}],"inLanguage":"it-IT"},{"@type":"ImageObject","@id":"https:\/\/circoloculturalesanfrancesco.org\/11-cinecircolo-cose\/#primaryimage","inLanguage":"it-IT","url":"https:\/\/circoloculturalesanfrancesco.org\/site\/wp-content\/uploads\/2023\/09\/9eb75026536d35d1005e29aef8b3d839-e1695372093553.jpg","contentUrl":"https:\/\/circoloculturalesanfrancesco.org\/site\/wp-content\/uploads\/2023\/09\/9eb75026536d35d1005e29aef8b3d839-e1695372093553.jpg","width":236,"height":199},{"@type":"WebPage","@id":"https:\/\/circoloculturalesanfrancesco.org\/11-cinecircolo-cose\/#webpage","url":"https:\/\/circoloculturalesanfrancesco.org\/11-cinecircolo-cose\/","name":"11\u00b0 CineCircolo: cos\u2019\u00e8? -","isPartOf":{"@id":"https:\/\/circoloculturalesanfrancesco.org\/site\/#website"},"primaryImageOfPage":{"@id":"https:\/\/circoloculturalesanfrancesco.org\/11-cinecircolo-cose\/#primaryimage"},"datePublished":"2023-09-22T09:00:58+00:00","dateModified":"2023-09-23T18:58:57+00:00","author":{"@id":"https:\/\/circoloculturalesanfrancesco.org\/site\/#\/schema\/person\/aaf2eff003877a067bad8f35656b0ec2"},"breadcrumb":{"@id":"https:\/\/circoloculturalesanfrancesco.org\/11-cinecircolo-cose\/#breadcrumb"},"inLanguage":"it-IT","potentialAction":[{"@type":"ReadAction","target":["https:\/\/circoloculturalesanfrancesco.org\/11-cinecircolo-cose\/"]}]},{"@type":"BreadcrumbList","@id":"https:\/\/circoloculturalesanfrancesco.org\/11-cinecircolo-cose\/#breadcrumb","itemListElement":[{"@type":"ListItem","position":1,"name":"Home","item":"https:\/\/circoloculturalesanfrancesco.org\/site\/"},{"@type":"ListItem","position":2,"name":"11\u00b0 CineCircolo: cos\u2019\u00e8?"}]},{"@type":"Person","@id":"https:\/\/circoloculturalesanfrancesco.org\/site\/#\/schema\/person\/aaf2eff003877a067bad8f35656b0ec2","name":"admin","image":{"@type":"ImageObject","@id":"https:\/\/circoloculturalesanfrancesco.org\/site\/#personlogo","inLanguage":"it-IT","url":"https:\/\/secure.gravatar.com\/avatar\/4c528ef69a5e20c241fb0d2a3863e2fd?s=96&d=identicon&r=g","contentUrl":"https:\/\/secure.gravatar.com\/avatar\/4c528ef69a5e20c241fb0d2a3863e2fd?s=96&d=identicon&r=g","caption":"admin"},"sameAs":["http:\/\/www.circoloculturalesanfrancesco.org","https:\/\/www.facebook.com\/circoloculturalesanfrancescocatanzaro\/"],"url":"https:\/\/circoloculturalesanfrancesco.org\/site\/author\/panzulewicz\/"}]}},"_links":{"self":[{"href":"https:\/\/circoloculturalesanfrancesco.org\/site\/wp-json\/wp\/v2\/posts\/9521"}],"collection":[{"href":"https:\/\/circoloculturalesanfrancesco.org\/site\/wp-json\/wp\/v2\/posts"}],"about":[{"href":"https:\/\/circoloculturalesanfrancesco.org\/site\/wp-json\/wp\/v2\/types\/post"}],"author":[{"embeddable":true,"href":"https:\/\/circoloculturalesanfrancesco.org\/site\/wp-json\/wp\/v2\/users\/8"}],"replies":[{"embeddable":true,"href":"https:\/\/circoloculturalesanfrancesco.org\/site\/wp-json\/wp\/v2\/comments?post=9521"}],"version-history":[{"count":10,"href":"https:\/\/circoloculturalesanfrancesco.org\/site\/wp-json\/wp\/v2\/posts\/9521\/revisions"}],"predecessor-version":[{"id":9549,"href":"https:\/\/circoloculturalesanfrancesco.org\/site\/wp-json\/wp\/v2\/posts\/9521\/revisions\/9549"}],"wp:featuredmedia":[{"embeddable":true,"href":"https:\/\/circoloculturalesanfrancesco.org\/site\/wp-json\/wp\/v2\/media\/9522"}],"wp:attachment":[{"href":"https:\/\/circoloculturalesanfrancesco.org\/site\/wp-json\/wp\/v2\/media?parent=9521"}],"wp:term":[{"taxonomy":"category","embeddable":true,"href":"https:\/\/circoloculturalesanfrancesco.org\/site\/wp-json\/wp\/v2\/categories?post=9521"},{"taxonomy":"post_tag","embeddable":true,"href":"https:\/\/circoloculturalesanfrancesco.org\/site\/wp-json\/wp\/v2\/tags?post=9521"}],"curies":[{"name":"wp","href":"https:\/\/api.w.org\/{rel}","templated":true}]}}