{"id":8936,"date":"2023-04-11T02:53:49","date_gmt":"2023-04-11T00:53:49","guid":{"rendered":"https:\/\/circoloculturalesanfrancesco.org\/?p=8936"},"modified":"2023-04-14T00:17:51","modified_gmt":"2023-04-13T22:17:51","slug":"ruth-bader-ginsburg-donne-pari-diritti","status":"publish","type":"post","link":"https:\/\/circoloculturalesanfrancesco.org\/site\/ruth-bader-ginsburg-donne-pari-diritti\/","title":{"rendered":"Ruth Bader Ginsburg: Donne, pari diritti"},"content":{"rendered":"<div class=\"pdfprnt-buttons pdfprnt-buttons-post pdfprnt-top-right\"><a href=\"https:\/\/circoloculturalesanfrancesco.org\/site\/wp-json\/wp\/v2\/posts\/8936?print=pdf\" class=\"pdfprnt-button pdfprnt-button-pdf\" target=\"_blank\"><img decoding=\"async\" src=\"https:\/\/circoloculturalesanfrancesco.org\/site\/wp-content\/plugins\/pdf-print\/images\/pdf.png\" alt=\"image_pdf\" title=\"Visualizza PDF\" \/><\/a><a href=\"https:\/\/circoloculturalesanfrancesco.org\/site\/wp-json\/wp\/v2\/posts\/8936?print=print\" class=\"pdfprnt-button pdfprnt-button-print\" target=\"_blank\"><img decoding=\"async\" src=\"https:\/\/circoloculturalesanfrancesco.org\/site\/wp-content\/plugins\/pdf-print\/images\/print.png\" alt=\"image_print\" title=\"Stampa contenuto\" \/><\/a><\/div>\n<p>Non sono donne femministe, anticlericali, agnostiche o atee, che partecipano alla 10\u00aa edizione del <em>Wiki- e Cine<\/em>Circolo, inserita nel solco della fase narrativa del cammino sinodale, ispirata ai grandi testi dell&#8217;autorit\u00e0 educativa della Chiesa, promossa dal Circolo Culturale San Francesco ed aperta gratuitamente a tutti: credenti e \u00ablaici\u00bb, vicini e lontani. Sono invece \u00ab<strong><em>donne, \u2039sorelle tutte\u203a, che \u2039fanno bello il mondo\u203a<\/em><\/strong>\u00bb, donne assettate di giustizia e di verit\u00e0, donne in ricerca di orizzonti di fede sempre pi\u00f9 dilatati e pi\u00f9 profondi, donne orientate verso una spiritualit\u00e0 semplice e allo stesso tempo aperta al soffio dello Spirito, donne che con gratitudine e gioia accolgono l&#8217;invito, accorrono al Salone di S. Elisabetta d&#8217;Ungheria presso la chiesa \u00abSacro Cuore\u00bb di Catanzaro Lido o si connettono da casa alla diretta <em>streaming<\/em> trasmessa sulla <a href=\"https:\/\/www.facebook.com\/circoloculturalesanfrancescocatanzaro\/?fref=ts\">pagina social<\/a>, donne, insomma, che praticano \u2013 nell\u2019umilt\u00e0, ma anche nel coraggio della testimonianza \u2013 la sororit\u00e0 e la fraternit\u00e0 di cui Ges\u00f9 \u00e8 stato testimone lungimirante.<\/p>\n\n\n\n<div class=\"wp-block-image is-style-rounded\"><figure class=\"alignleft size-large is-resized\"><a href=\"https:\/\/circoloculturalesanfrancesco.org\/site\/wp-content\/uploads\/2023\/04\/1409233a025fe9a181b50195d5aef39d.jpg\"><img loading=\"lazy\" decoding=\"async\" src=\"https:\/\/circoloculturalesanfrancesco.org\/site\/wp-content\/uploads\/2023\/04\/1409233a025fe9a181b50195d5aef39d.jpg\" alt=\"\" class=\"wp-image-8938\" width=\"199\" height=\"236\"\/><\/a><\/figure><\/div>\n\n\n\n<p>\u00c8 alla 10\u00aa Serata conviviale con \u00abaperitivo\u00bb, la 235\u00aa di seguito, focalizzata sul tema: \u00ab<strong>Ruth Bader Ginsburg (\u2020 2020), la giudice pioniera della parit\u00e0 di genere<\/strong>\u00bb, svoltasi venerd\u00ec 24 febbraio scorso, che qui voglio riferirmi. Essa si \u00e8 impressa saldamente nella memoria, con un&#8217;impronta che non \u00e8 stata soltanto tematica. Tuttora si percepisce nitidamente il suono di uno degli strumenti musicali pi\u00f9 gravi in assoluto, pi\u00f9 elaborati e massicci, molto belli e particolari, insostituibili in molte formazioni orchestrali: il basso tuba, appartenente alla classe degli ottoni. Impression\u00f2 il suo aspetto e incurios\u00ec il suo gestore: il m\u00b0 <strong>Tommaso Cristofaro<\/strong>, strumentista di Borgia (CZ). \u00c8 stato lui \u2013 presentato al pubblico dal presidente del Circolo, m\u00b0 <strong>Luigi Cimino<\/strong> \u2013 ad aprire questa singolare Serata, eseguendo splendidamente il brano \u00ab<strong>Fantasy for Tuba<\/strong>\u00bb di Malcolm Arnold (\u2020 2006), compositore, direttore d&#8217;orchestra e trombettista inglese. Tutti i presenti, fonoassorbenti, acustici, elastici, estasiati dalla sua performance strumentale, espressero la loro ammirazione sonoramente, in una calorosa \u00abstanding ovation\u00bb.<\/p>\n\n\n\n<p>Il suono si \u00e8 propagato poi in tutte le direzioni del Salone, si \u00e8 steso su ogni punto del programma ed \u00e8 fortemente risuonato ancora, per ben altre due volte, durante il panel, lasciando tutti al &#8216;settimo cielo&#8217;. Ecco allora il seguito del programma:<\/p>\n\n\n\n<div class=\"wp-block-image is-style-rounded\"><figure class=\"alignright size-medium is-resized\"><a href=\"https:\/\/circoloculturalesanfrancesco.org\/site\/wp-content\/uploads\/2023\/04\/10a-Serata-conv.-10a-ed.-Ruth-Bader-Ginsburg...-235-Publisher-scaled.jpg\"><img loading=\"lazy\" decoding=\"async\" src=\"https:\/\/circoloculturalesanfrancesco.org\/site\/wp-content\/uploads\/2023\/04\/10a-Serata-conv.-10a-ed.-Ruth-Bader-Ginsburg...-235-Publisher-212x300.jpg\" alt=\"\" class=\"wp-image-8937\" width=\"266\" height=\"350\"\/><\/a><\/figure><\/div>\n\n\n\n<p class=\"has-text-align-right\"><strong>3.<\/strong> Occhio sulla <strong><a href=\"https:\/\/circoloculturalesanfrancesco.org\/event\/etty-hillesum-%e2%80%a0-1943-il-rifugio-aperto-a-tutti-gli-afflitti-e-a-dio-il-piu-afflitto-di-tutti-9a-serata-conviviale-con-aperitivo-233\/\">Serata precedente con \u00abaperitivo\u00bb<\/a><\/strong> (233), dedicata a Etty Hillesum, e sulla galleria delle foto<\/p>\n\n\n\n<p class=\"has-text-align-right\"><strong>4. Panel <\/strong>[<strong>4.1.<\/strong> Papa Francesco: \u00ab<strong><a href=\"https:\/\/youtu.be\/YxKVjAOKv-E\">Un anno di guerra in Ucraina<\/a><\/strong>\u00bb (1:24&#8242;); <strong>4.2<\/strong>. \u00ab<strong><a href=\"https:\/\/www.editorialedomani.it\/fatti\/festival-di-sanremo-tananai-tango-guarda-video-completo-guerra-in-ucraina-p4zsdjju\">Tango<\/a><\/strong>\u00bb di Tananai (3:45&#8242;); <strong>4.3.<\/strong> Marialuisa Mauro: \u00ab<strong>Ruth Bader Ginsburg e la sua battaglia per la parit\u00e0 di genere<\/strong>\u00bb (10:00&#8242;); <strong>4.4.<\/strong> M\u00b0 TOMMASO CRISTOFARO: \u00ab<strong>Concertpiece, op. 88, per trombone e organo<\/strong>\u00bb di F\u00c9LIX-ALEXANDRE GUILMANT (6:00&#8242;); <strong>4.5<\/strong>. Valeria Fil\u00ec: \u00ab<strong><a href=\"https:\/\/youtu.be\/Xwul6xe4XRA\">Il tempo delle donne<\/a><\/strong>\u00bb (13:22&#8242;); <strong>4.6.<\/strong> M\u00b0 Tommaso Cristofaro: \u00ab<strong>Oblivion<\/strong>\u00bb di Astor Pantal\u00e9on Piazzolla (3:38&#8242;); <strong>4.7. <\/strong>Consegna al Maestro di un <strong>Attestato di gratitudine<\/strong> (Luigi Cimino) e di un &#8216;segno&#8217; (Lucia Scarpetta); <strong>4.8. <\/strong>\u00ab<strong><a href=\"https:\/\/www.raiplay.it\/video\/2020\/12\/Quante-storie-cf7986a6-df1b-4318-91bb-c7324859184d.html\">L&#8217;autunno del patriarca<\/a><\/strong>\u00bb (28:30&#8242;); <strong>4.9. <\/strong>\u00ab<strong><a href=\"https:\/\/youtu.be\/JGFf2zXRLEI\">Via Crucis 2022: una donna ucraina e una russa insieme per la pace<\/a><\/strong>\u00bb (1:27&#8242;)]<strong><\/strong><\/p>\n\n\n\n<p class=\"has-text-align-right\"><strong>5. Comunicazioni <\/strong>del presidente Luigi Cimino relative al Circolo,<strong>annuncio del prossimo evento <\/strong><strong>da parte della sottosegretaria Lucia Scarpetta <\/strong><strong>[mercoled\u00ec <\/strong><strong>1 marzo<\/strong><strong>: <\/strong><strong>2\u00b0 incontro del Laboratorio musicale<\/strong><strong> avviato il 22 febbraio; venerd\u00ec <\/strong><strong>3 marzo<\/strong><strong>: 1<\/strong><strong>0\u00aa Serata cinematografica<\/strong> (236) con la proiezione del film \u00ab<strong><a href=\"https:\/\/circoloculturalesanfrancesco.org\/event\/e-ora-dove-andiamo-10a-serata-cinematografica-con-cocktail-236\/\">E ora dove andiamo?<\/a><\/strong>\u00bb di Nadine Labaki e con il cinedibattito \u00ab<strong>Donne che fanno da collante e mettono pace<\/strong>\u00bb], <strong>f<\/strong><strong>oto di gruppo<\/strong><strong> e momento conviviale <\/strong>[In sottofondo,il music video. \u00ab<strong><a href=\"https:\/\/youtu.be\/qoWjspLoEl0\">\u0423\u043b\u0435\u0442\u0430\u044e\u0442 \u0434\u043d\u0438<\/a><\/strong>\u00bb di \u0413\u0440\u0443\u043f\u043f\u0430 \u041c\u0435\u043b\u043e\u0434\u0438\u044f &amp; \u041e\u043b\u044c\u0433\u0430 \u0410\u043d\u0434\u0440\u043e\u0449\u0443\u043a (8:01&#8242;)]<\/p>\n\n\n\n<p>Il panel si \u00e8 aperto, come si pu\u00f2 notare, con l&#8217;abbraccio e l&#8217;omaggio all&#8217;eroico popolo ucraino che dal 24 febbraio 2022 difende la propria libert\u00e0: un anno di resistenza contro l&#8217;invasione russa del Paese che lo sta insanguinando e mietendo morte e distruzione e i cui effetti di natura economica stanno colpendo tutta l&#8217;Europa, un triste anniversario di una guerra atroce, assurda e crudele, come testimonia il bilancio dei morti, feriti, profughi, distruzioni, danni economici e sociali, dodici intensi mesi di sofferenze di cui seguiamo gli sviluppi in una spirale sempre pi\u00f9 minacciosa. I presenti alla Serata, guardando il video \u00ab<strong><a href=\"https:\/\/youtu.be\/YxKVjAOKv-E\">Un anno di guerra in Ucraina<\/a><\/strong>\u00bb, hanno quindi ripercorso questi mesi attraverso le parole del Papa che ha sempre chiesto di non dimenticare il martoriato popolo ucraino e di non abituarsi alla barbarie delle armi. \u00c8 stato un anno pieno di dolore, di perdite e di sfide, ma al tempo stesso di solidariet\u00e0, di assistenza e di amore. I nostri fratelli ucraini stanno mostrando ai tiranni di tutto il mondo quando possa essere difficile mettere le catene a un popolo libero.<\/p>\n\n\n\n<p>Commovente \u00e8 stato quindi il videoclip con la canzone \u00ab<strong><a href=\"https:\/\/www.editorialedomani.it\/fatti\/festival-di-sanremo-tananai-tango-guarda-video-completo-guerra-in-ucraina-p4zsdjju\">Tango<\/a><\/strong>\u00bb che il Circolo ha voluto dedicare, insieme al cantautore milanese Tananai (nome d&#8217;arte di Alberto Cotta Raamusino), non soltanto ad una giovane coppia (Olga e Maxim) e alla loro figlia (Liza), ma a migliaia di famiglie separate dalla guerra che \u00e8 sempre mostruosa. La clip si \u00e8 conclusa con le parole di Maxim, intrise di amore e di speranza, mandate a Olga dal fronte dove la colonnina di mercurio rilevava 12 gradi sotto zero: \u00abMi sta scaldando il tuo amore&#8230; e il t\u00e8. Va tutto bene\u00bb.<\/p>\n\n\n\n<div class=\"wp-block-image is-style-rounded\"><figure class=\"alignright size-large is-resized\"><a href=\"https:\/\/circoloculturalesanfrancesco.org\/site\/wp-content\/uploads\/2023\/04\/Ucraina-Via-Crucis-a-Kiev-2.jpg\"><img loading=\"lazy\" decoding=\"async\" src=\"https:\/\/circoloculturalesanfrancesco.org\/site\/wp-content\/uploads\/2023\/04\/Ucraina-Via-Crucis-a-Kiev-2.jpg\" alt=\"\" class=\"wp-image-8939\" width=\"288\" height=\"206\"\/><\/a><\/figure><\/div>\n\n\n\n<p>Altrettanto commovente, e struggente, \u00e8 stato rivedere il video \u00ab<strong><a href=\"https:\/\/youtu.be\/JGFf2zXRLEI\">Via Crucis 2022: una donna ucraina e una russa insieme per la pace<\/a><\/strong>\u00bb, a conclusione del panel. Papa Francesco ha voluto per il 13\u00b0 approdo (Ges\u00f9 \u00e8 deposto dalla croce) della tradizionale \u00abVia Crucis\u00bb al Colosseo, che si \u00e8 svolta venerd\u00ec 15 aprile 2022, due donne, a portare insieme la croce: un\u2019infermiera ucraina, Irina, del Centro di Cure Palliative \u201cInsieme nella Cura\u201d del Policlinico Universitario Campus Bio-Medico di Roma, e una studentessa russa, Albina, del corso di laurea in infermieristica dello stesso Campus. In tal modo il Circolo \u00e8 tornato a ripetere il suo deciso &#8216;no&#8217; a tutte le forme di violenza e di sopraffazione e il suo saldo &#8216;s\u00ec&#8217; alla pace e alla riconciliazione.<\/p>\n\n\n\n<div class=\"wp-block-image is-style-default\"><figure class=\"alignleft size-medium is-resized\"><a href=\"https:\/\/circoloculturalesanfrancesco.org\/site\/wp-content\/uploads\/2023\/04\/Una-giusta-causa-234-9a-Serata-cinem.-10a-ed.-Publisher-scaled.jpg\"><img loading=\"lazy\" decoding=\"async\" src=\"https:\/\/circoloculturalesanfrancesco.org\/site\/wp-content\/uploads\/2023\/04\/Una-giusta-causa-234-9a-Serata-cinem.-10a-ed.-Publisher-212x300.jpg\" alt=\"\" class=\"wp-image-8968\" width=\"230\" height=\"336\"\/><\/a><\/figure><\/div>\n\n\n\n<p>\u00c8 stato molto gradito e apprezzato l&#8217;intervento dell&#8217;avv. <strong>Marialuisa Mauro<\/strong> che con abilit\u00e0 e competenza ha tracciato la storia di <strong>Ruth Bader Ginsburg<\/strong>, nata a New York nel 1933 da genitori ebrei immigrati ucraini e \u00abdivenuta straordinaria per aver cercato di essere semplicemente ordinaria\u00bb, \u00abvera e propria icona femminista che, pur occupandosi di una materia poco <em>glamour <\/em>come il diritto, ha dato un contributo fondamentale allo sviluppo della parit\u00e0 di genere, della libert\u00e0 e della democrazia\u00bb. La &#8216;galassia&#8217; del Circolo ha potuto conoscere per immagini le sue battaglie, durante la 9\u00aa Serata della 10\u00aa edizione del <em>Cine<\/em>Circolo, svoltasi il 17 febbraio scorso, con la proiezione della pellicola \u00ab<strong><a href=\"https:\/\/circoloculturalesanfrancesco.org\/event\/una-giusta-causa-9a-serata-cinematografica-234\/\">Una giusta causa<\/a><\/strong>\u00bb (tit. orig. \u00abOn the Basis of Sex\u00bb) di Mimi Leder, regista e produttrice televisiva&nbsp;statunitense, notabene la prima donna a essere ammessa all&#8217;American Film Institute, e con il cinedibattito \u00abLa parit\u00e0 di genere e la <strong>giustizia dei diritti per tutti\u00bb.<\/strong><\/p>\n\n\n\n<p>\u00abGinsburg si conquist\u00f2 la fama di accanita sostenitrice dell&#8217;uguaglianza di genere da comune cittadina \u2013 scrisse la giornalista e scrittrice americana Erin Blakemore su History.com, ricordando i diversi fronti su cui Ruth si era impegnata per sancire l&#8217;uguaglianza uomo-donna e garantire una effettiva uguale protezione per donne e uomini. \u2013 Ha continuato a costruire su quella base prima durante i 13 anni da giudice della Corte d&#8217;Appello e poi durante i 27 anni da giudice della Corte Suprema. [&#8230;] Facendo leva su precedenti sentenze riguardanti i diritti civili in relazione alla razza \u2013 in cause intentate da uomini \u2013 Ginsburg ha dimostrato le ragioni per cui la Corte Suprema doveva porre fine alla discriminazione di genere. Molti dei suoi casi erano imperniati sulla clausola di uguale protezione prevista dal 14\u00b0 emendamento, che prevede che le persone ricevano uguale protezione dalle leggi statunitensi. Ha attaccato, attraverso una serie di cause minori, leggi discriminatorie\u00bb.<\/p>\n\n\n\n<p>L\u2019appartenenza alla comunit\u00e0 ebraica ha influito notevolmente sulle sue convinzioni etiche, come aveva dichiarato lei stessa nel 2017, partecipando a una funzione religiosa per la ricorrenza di <a href=\"https:\/\/it.wikipedia.org\/wiki\/Rosh_haShana\">Rosh Hashanah<\/a>, il capodanno ebraico. In quell&#8217;occasione aveva spiegato come la sua identit\u00e0 ebraica e i testi letti durante la sua formazione avevano inspirato in lei un senso di empatia per altri gruppi minoritari. \u00abSe sei un membro di un gruppo di minoranza, in particolare un gruppo che \u00e8 stato preso di mira, provi empatia \u2013 diceva \u2013 per quelli che si trovano in una situazione simile. La religione ebraica \u00e8 una religione etica. Ci viene, cio\u00e8, insegnato a fare il bene, ad amare la misericordia, a rendere giustizia non perch\u00e9 ci sar\u00e0 una ricompensa in paradiso o una punizione all&#8217;inferno. Viviamo rettamente perch\u00e9 \u00e8 cos\u00ec che le persone dovrebbero vivere e non anticipare alcun premio nell&#8217;al di l\u00e0\u00bb.<\/p>\n\n\n\n<p>\u00abTutto questo \u2013 concluse l&#8217;avv. Marialuisa \u2013 l&#8217;ha resa un simbolo, talvolta anche strumentalizzato fino al paradosso di trasformarla in icona stampata sulle magliette, non solo per le sue decisioni, ma soprattutto per le volte non rare in cui ha fatto sentire la sua opinione dissenziente\u00bb. La si vede, con la scritta \u00abI dissent\u00bb, sulla copertina di un libro per bambini dai 4 agli 8 anni. Il suo ritratto viene riprodotto anche su sacche da spiaggia, tazzine e bicchieri. La sua immagine \u00e8 uno dei tatuaggi pi\u00f9 richiesti dagli studenti di diritto di Washington.<\/p>\n\n\n\n<div class=\"wp-block-image is-style-rounded\"><figure class=\"alignleft size-large\"><a href=\"https:\/\/circoloculturalesanfrancesco.org\/site\/wp-content\/uploads\/2023\/04\/images.jpg\"><img loading=\"lazy\" decoding=\"async\" width=\"300\" height=\"168\" src=\"https:\/\/circoloculturalesanfrancesco.org\/site\/wp-content\/uploads\/2023\/04\/images.jpg\" alt=\"\" class=\"wp-image-8940\" srcset=\"https:\/\/circoloculturalesanfrancesco.org\/site\/wp-content\/uploads\/2023\/04\/images.jpg 300w, https:\/\/circoloculturalesanfrancesco.org\/site\/wp-content\/uploads\/2023\/04\/images-100x56.jpg 100w, https:\/\/circoloculturalesanfrancesco.org\/site\/wp-content\/uploads\/2023\/04\/images-138x77.jpg 138w\" sizes=\"(max-width: 300px) 100vw, 300px\" \/><\/a><\/figure><\/div>\n\n\n\n<p>In un passato, neanche tanto lontano, la donna non aveva accesso a molte professioni, come l\u2019avvocatura o la <a href=\"https:\/\/www.skuola.net\/diritto\/la-magistratura.html\">magistratura<\/a> e poteva persino essere picchiata dal marito allo scopo di correggerla o esercitare su di lei la \u201cpotest\u00e0 maritale\u201d, come se fosse una bambina. Oggi tutto questo non accade, ma i casi di cronaca sono pieni di episodi terribili nei quali le donne sono vittime, soprattutto a causa di maschi violenti. \u00c8 il segno che nella mente di molti uomini \u00e8 ancora radicata l\u2019idea di superiorit\u00e0 e di donna oggetto di cui sono in possesso. Nei Paesi civili le violenze e le umiliazioni si muovono pi\u00f9 sotto traccia rispetto a Paesi in cui le donne vengono trattate quasi alla stregua di animali domestici e da compagnia.<\/p>\n\n\n\n<div class=\"wp-block-image is-style-default\"><figure class=\"alignright size-medium is-resized\"><a href=\"https:\/\/circoloculturalesanfrancesco.org\/site\/wp-content\/uploads\/2023\/04\/WikiCircolo-2022-23-10a-ed.-Depliant_page-0002.jpg\"><img loading=\"lazy\" decoding=\"async\" src=\"https:\/\/circoloculturalesanfrancesco.org\/site\/wp-content\/uploads\/2023\/04\/WikiCircolo-2022-23-10a-ed.-Depliant_page-0002-300x212.jpg\" alt=\"\" class=\"wp-image-8966\" width=\"416\" height=\"332\"\/><\/a><\/figure><\/div>\n\n\n\n<p>La questione della presenza delle donne nella societ\u00e0 e, in particolare, nella civilt\u00e0 giudaico-cristiana, euroatlantica, non \u00e8 una richiesta di spartizione di potere o di cooptazione all\u2019interno del sistema sociale attuale, ma \u00e8, invece, la questione dell\u2019assunzione nei fatti della centralit\u00e0 delle relazioni cui rinvia l\u2019enunciato fondativo: \u00abMaschio e femmina Dio li cre\u00f2\u00bb (Gen 1,27). Queste relazioni tra donne e uomini sono ancora permeate di stereotipi ingessanti e di visioni svilenti, che ne deformano l\u2019immagine negandole integrit\u00e0. Da tali premesse il disvalore del femminile \u00e8 logica conseguenza. \u00abE non ci si risponda \u2013 scrivono le donne delle <a href=\"https:\/\/www.cdbitalia.it\/\">Comunit\u00e0 Cristiane di Base<\/a> nella Lettera aperta dal titolo <em>Chiesa, chiedici scusa <\/em>\u2013 che il cristianesimo venera Maria, Madre del Signore, la quale sarebbe superiore a tutti gli apostoli, e quindi con essa venera tutte le donne; perch\u00e9 \u00e8 la persona incarnata che va rispettata, le donne in carne e ossa, non la loro trasfigurazione immaginaria\u00bb. Di quanto \u00abl\u2019esaltazione ideale della donna sia servita a coprire la sua insignificanza storica\u00bb abbiamo fatto, purtroppo, una millenaria esperienza. Il Vangelo parla un&#8217;altra lingua: quella del \u00abdiscepolato di uguali\u00bb, per dirla con la famosa espressione di Elisabeth Sch\u00fcssler Fiorenza, una delle maggiori esponenti viventi della teologia femminista. E il Circolo Culturale San Francesco, con la sua attuale edizione, paladina delle donne, <strong>\u2039sorelle tutte\u203a, che \u2039fanno bello il mondo<\/strong>, non si stanca di usare questa lingua e veicolare questo \u00abdiscepolato\u00bb.<\/p>\n\n\n\n<p class=\"has-text-align-right\"><em>Piotr Anzulewicz OFMConv<\/em><\/p>\n\n\n\nngg_shortcode_0_placeholder\n","protected":false},"excerpt":{"rendered":"<p>Non sono donne femministe, anticlericali, agnostiche o atee, che partecipano alla 10\u00aa edizione del Wiki- e CineCircolo, inserita nel solco della fase narrativa del cammino sinodale, ispirata ai grandi testi dell&#8217;autorit\u00e0 educativa della Chiesa,&#46;&#46;&#46;<\/p>\n","protected":false},"author":8,"featured_media":8969,"comment_status":"open","ping_status":"closed","sticky":false,"template":"","format":"standard","meta":{"ngg_post_thumbnail":0,"footnotes":""},"categories":[8,249,32,23,57],"tags":[],"yoast_head":"<!-- This site is optimized with the Yoast SEO plugin v18.3 - https:\/\/yoast.com\/wordpress\/plugins\/seo\/ -->\n<title>Ruth Bader Ginsburg: Donne, pari diritti -<\/title>\n<meta name=\"robots\" content=\"index, follow, max-snippet:-1, max-image-preview:large, max-video-preview:-1\" \/>\n<link rel=\"canonical\" href=\"https:\/\/circoloculturalesanfrancesco.org\/ruth-bader-ginsburg-donne-pari-diritti\/\" \/>\n<meta property=\"og:locale\" content=\"it_IT\" \/>\n<meta property=\"og:type\" content=\"article\" \/>\n<meta property=\"og:title\" content=\"%\" \/>\n<meta property=\"og:description\" content=\"Non sono donne femministe, anticlericali, agnostiche o atee, che partecipano alla 10\u00aa edizione del Wiki- e CineCircolo, inserita nel solco della fase narrativa del cammino sinodale, ispirata ai grandi testi dell&#8217;autorit\u00e0 educativa della Chiesa,&#046;&#046;&#046;\" \/>\n<meta property=\"og:url\" content=\"https:\/\/circoloculturalesanfrancesco.org\/ruth-bader-ginsburg-donne-pari-diritti\/\" \/>\n<meta property=\"article:author\" content=\"https:\/\/www.facebook.com\/circoloculturalesanfrancescocatanzaro\/\" \/>\n<meta property=\"article:published_time\" content=\"2023-04-11T00:53:49+00:00\" \/>\n<meta property=\"article:modified_time\" content=\"2023-04-13T22:17:51+00:00\" \/>\n<meta property=\"og:image\" content=\"https:\/\/circoloculturalesanfrancesco.org\/site\/wp-content\/uploads\/2023\/04\/10669d77824b112b46c41825f8e4435f-e1681173916745.jpg\" \/>\n\t<meta property=\"og:image:width\" content=\"563\" \/>\n\t<meta property=\"og:image:height\" content=\"285\" \/>\n\t<meta property=\"og:image:type\" content=\"image\/jpeg\" \/>\n<meta name=\"twitter:label1\" content=\"Scritto da\" \/>\n\t<meta name=\"twitter:data1\" content=\"admin\" \/>\n\t<meta name=\"twitter:label2\" content=\"Tempo di lettura stimato\" \/>\n\t<meta name=\"twitter:data2\" content=\"12 minuti\" \/>\n<script type=\"application\/ld+json\" class=\"yoast-schema-graph\">{\"@context\":\"https:\/\/schema.org\",\"@graph\":[{\"@type\":\"WebSite\",\"@id\":\"https:\/\/circoloculturalesanfrancesco.org\/site\/#website\",\"url\":\"https:\/\/circoloculturalesanfrancesco.org\/site\/\",\"name\":\"\",\"description\":\"\",\"potentialAction\":[{\"@type\":\"SearchAction\",\"target\":{\"@type\":\"EntryPoint\",\"urlTemplate\":\"https:\/\/circoloculturalesanfrancesco.org\/site\/?s={search_term_string}\"},\"query-input\":\"required name=search_term_string\"}],\"inLanguage\":\"it-IT\"},{\"@type\":\"ImageObject\",\"@id\":\"https:\/\/circoloculturalesanfrancesco.org\/ruth-bader-ginsburg-donne-pari-diritti\/#primaryimage\",\"inLanguage\":\"it-IT\",\"url\":\"https:\/\/circoloculturalesanfrancesco.org\/site\/wp-content\/uploads\/2023\/04\/10669d77824b112b46c41825f8e4435f-e1681173916745.jpg\",\"contentUrl\":\"https:\/\/circoloculturalesanfrancesco.org\/site\/wp-content\/uploads\/2023\/04\/10669d77824b112b46c41825f8e4435f-e1681173916745.jpg\",\"width\":563,\"height\":285},{\"@type\":\"WebPage\",\"@id\":\"https:\/\/circoloculturalesanfrancesco.org\/ruth-bader-ginsburg-donne-pari-diritti\/#webpage\",\"url\":\"https:\/\/circoloculturalesanfrancesco.org\/ruth-bader-ginsburg-donne-pari-diritti\/\",\"name\":\"Ruth Bader Ginsburg: Donne, pari diritti -\",\"isPartOf\":{\"@id\":\"https:\/\/circoloculturalesanfrancesco.org\/site\/#website\"},\"primaryImageOfPage\":{\"@id\":\"https:\/\/circoloculturalesanfrancesco.org\/ruth-bader-ginsburg-donne-pari-diritti\/#primaryimage\"},\"datePublished\":\"2023-04-11T00:53:49+00:00\",\"dateModified\":\"2023-04-13T22:17:51+00:00\",\"author\":{\"@id\":\"https:\/\/circoloculturalesanfrancesco.org\/site\/#\/schema\/person\/aaf2eff003877a067bad8f35656b0ec2\"},\"breadcrumb\":{\"@id\":\"https:\/\/circoloculturalesanfrancesco.org\/ruth-bader-ginsburg-donne-pari-diritti\/#breadcrumb\"},\"inLanguage\":\"it-IT\",\"potentialAction\":[{\"@type\":\"ReadAction\",\"target\":[\"https:\/\/circoloculturalesanfrancesco.org\/ruth-bader-ginsburg-donne-pari-diritti\/\"]}]},{\"@type\":\"BreadcrumbList\",\"@id\":\"https:\/\/circoloculturalesanfrancesco.org\/ruth-bader-ginsburg-donne-pari-diritti\/#breadcrumb\",\"itemListElement\":[{\"@type\":\"ListItem\",\"position\":1,\"name\":\"Home\",\"item\":\"https:\/\/circoloculturalesanfrancesco.org\/site\/\"},{\"@type\":\"ListItem\",\"position\":2,\"name\":\"Ruth Bader Ginsburg: Donne, pari diritti\"}]},{\"@type\":\"Person\",\"@id\":\"https:\/\/circoloculturalesanfrancesco.org\/site\/#\/schema\/person\/aaf2eff003877a067bad8f35656b0ec2\",\"name\":\"admin\",\"image\":{\"@type\":\"ImageObject\",\"@id\":\"https:\/\/circoloculturalesanfrancesco.org\/site\/#personlogo\",\"inLanguage\":\"it-IT\",\"url\":\"https:\/\/secure.gravatar.com\/avatar\/4c528ef69a5e20c241fb0d2a3863e2fd?s=96&d=identicon&r=g\",\"contentUrl\":\"https:\/\/secure.gravatar.com\/avatar\/4c528ef69a5e20c241fb0d2a3863e2fd?s=96&d=identicon&r=g\",\"caption\":\"admin\"},\"sameAs\":[\"http:\/\/www.circoloculturalesanfrancesco.org\",\"https:\/\/www.facebook.com\/circoloculturalesanfrancescocatanzaro\/\"],\"url\":\"https:\/\/circoloculturalesanfrancesco.org\/site\/author\/panzulewicz\/\"}]}<\/script>\n<!-- \/ Yoast SEO plugin. -->","yoast_head_json":{"title":"Ruth Bader Ginsburg: Donne, pari diritti -","robots":{"index":"index","follow":"follow","max-snippet":"max-snippet:-1","max-image-preview":"max-image-preview:large","max-video-preview":"max-video-preview:-1"},"canonical":"https:\/\/circoloculturalesanfrancesco.org\/ruth-bader-ginsburg-donne-pari-diritti\/","og_locale":"it_IT","og_type":"article","og_title":"%","og_description":"Non sono donne femministe, anticlericali, agnostiche o atee, che partecipano alla 10\u00aa edizione del Wiki- e CineCircolo, inserita nel solco della fase narrativa del cammino sinodale, ispirata ai grandi testi dell&#8217;autorit\u00e0 educativa della Chiesa,&#46;&#46;&#46;","og_url":"https:\/\/circoloculturalesanfrancesco.org\/ruth-bader-ginsburg-donne-pari-diritti\/","article_author":"https:\/\/www.facebook.com\/circoloculturalesanfrancescocatanzaro\/","article_published_time":"2023-04-11T00:53:49+00:00","article_modified_time":"2023-04-13T22:17:51+00:00","og_image":[{"width":563,"height":285,"url":"https:\/\/circoloculturalesanfrancesco.org\/site\/wp-content\/uploads\/2023\/04\/10669d77824b112b46c41825f8e4435f-e1681173916745.jpg","type":"image\/jpeg"}],"twitter_misc":{"Scritto da":"admin","Tempo di lettura stimato":"12 minuti"},"schema":{"@context":"https:\/\/schema.org","@graph":[{"@type":"WebSite","@id":"https:\/\/circoloculturalesanfrancesco.org\/site\/#website","url":"https:\/\/circoloculturalesanfrancesco.org\/site\/","name":"","description":"","potentialAction":[{"@type":"SearchAction","target":{"@type":"EntryPoint","urlTemplate":"https:\/\/circoloculturalesanfrancesco.org\/site\/?s={search_term_string}"},"query-input":"required name=search_term_string"}],"inLanguage":"it-IT"},{"@type":"ImageObject","@id":"https:\/\/circoloculturalesanfrancesco.org\/ruth-bader-ginsburg-donne-pari-diritti\/#primaryimage","inLanguage":"it-IT","url":"https:\/\/circoloculturalesanfrancesco.org\/site\/wp-content\/uploads\/2023\/04\/10669d77824b112b46c41825f8e4435f-e1681173916745.jpg","contentUrl":"https:\/\/circoloculturalesanfrancesco.org\/site\/wp-content\/uploads\/2023\/04\/10669d77824b112b46c41825f8e4435f-e1681173916745.jpg","width":563,"height":285},{"@type":"WebPage","@id":"https:\/\/circoloculturalesanfrancesco.org\/ruth-bader-ginsburg-donne-pari-diritti\/#webpage","url":"https:\/\/circoloculturalesanfrancesco.org\/ruth-bader-ginsburg-donne-pari-diritti\/","name":"Ruth Bader Ginsburg: Donne, pari diritti -","isPartOf":{"@id":"https:\/\/circoloculturalesanfrancesco.org\/site\/#website"},"primaryImageOfPage":{"@id":"https:\/\/circoloculturalesanfrancesco.org\/ruth-bader-ginsburg-donne-pari-diritti\/#primaryimage"},"datePublished":"2023-04-11T00:53:49+00:00","dateModified":"2023-04-13T22:17:51+00:00","author":{"@id":"https:\/\/circoloculturalesanfrancesco.org\/site\/#\/schema\/person\/aaf2eff003877a067bad8f35656b0ec2"},"breadcrumb":{"@id":"https:\/\/circoloculturalesanfrancesco.org\/ruth-bader-ginsburg-donne-pari-diritti\/#breadcrumb"},"inLanguage":"it-IT","potentialAction":[{"@type":"ReadAction","target":["https:\/\/circoloculturalesanfrancesco.org\/ruth-bader-ginsburg-donne-pari-diritti\/"]}]},{"@type":"BreadcrumbList","@id":"https:\/\/circoloculturalesanfrancesco.org\/ruth-bader-ginsburg-donne-pari-diritti\/#breadcrumb","itemListElement":[{"@type":"ListItem","position":1,"name":"Home","item":"https:\/\/circoloculturalesanfrancesco.org\/site\/"},{"@type":"ListItem","position":2,"name":"Ruth Bader Ginsburg: Donne, pari diritti"}]},{"@type":"Person","@id":"https:\/\/circoloculturalesanfrancesco.org\/site\/#\/schema\/person\/aaf2eff003877a067bad8f35656b0ec2","name":"admin","image":{"@type":"ImageObject","@id":"https:\/\/circoloculturalesanfrancesco.org\/site\/#personlogo","inLanguage":"it-IT","url":"https:\/\/secure.gravatar.com\/avatar\/4c528ef69a5e20c241fb0d2a3863e2fd?s=96&d=identicon&r=g","contentUrl":"https:\/\/secure.gravatar.com\/avatar\/4c528ef69a5e20c241fb0d2a3863e2fd?s=96&d=identicon&r=g","caption":"admin"},"sameAs":["http:\/\/www.circoloculturalesanfrancesco.org","https:\/\/www.facebook.com\/circoloculturalesanfrancescocatanzaro\/"],"url":"https:\/\/circoloculturalesanfrancesco.org\/site\/author\/panzulewicz\/"}]}},"_links":{"self":[{"href":"https:\/\/circoloculturalesanfrancesco.org\/site\/wp-json\/wp\/v2\/posts\/8936"}],"collection":[{"href":"https:\/\/circoloculturalesanfrancesco.org\/site\/wp-json\/wp\/v2\/posts"}],"about":[{"href":"https:\/\/circoloculturalesanfrancesco.org\/site\/wp-json\/wp\/v2\/types\/post"}],"author":[{"embeddable":true,"href":"https:\/\/circoloculturalesanfrancesco.org\/site\/wp-json\/wp\/v2\/users\/8"}],"replies":[{"embeddable":true,"href":"https:\/\/circoloculturalesanfrancesco.org\/site\/wp-json\/wp\/v2\/comments?post=8936"}],"version-history":[{"count":10,"href":"https:\/\/circoloculturalesanfrancesco.org\/site\/wp-json\/wp\/v2\/posts\/8936\/revisions"}],"predecessor-version":[{"id":8984,"href":"https:\/\/circoloculturalesanfrancesco.org\/site\/wp-json\/wp\/v2\/posts\/8936\/revisions\/8984"}],"wp:featuredmedia":[{"embeddable":true,"href":"https:\/\/circoloculturalesanfrancesco.org\/site\/wp-json\/wp\/v2\/media\/8969"}],"wp:attachment":[{"href":"https:\/\/circoloculturalesanfrancesco.org\/site\/wp-json\/wp\/v2\/media?parent=8936"}],"wp:term":[{"taxonomy":"category","embeddable":true,"href":"https:\/\/circoloculturalesanfrancesco.org\/site\/wp-json\/wp\/v2\/categories?post=8936"},{"taxonomy":"post_tag","embeddable":true,"href":"https:\/\/circoloculturalesanfrancesco.org\/site\/wp-json\/wp\/v2\/tags?post=8936"}],"curies":[{"name":"wp","href":"https:\/\/api.w.org\/{rel}","templated":true}]}}