{"id":765,"date":"2014-09-22T15:09:42","date_gmt":"2014-09-22T13:09:42","guid":{"rendered":"http:\/\/circoloculturalesanfrancesco.org\/?p=765"},"modified":"2014-09-27T11:06:55","modified_gmt":"2014-09-27T09:06:55","slug":"optare-per-gratuita","status":"publish","type":"post","link":"https:\/\/circoloculturalesanfrancesco.org\/site\/optare-per-gratuita\/","title":{"rendered":"Optare per la gratuit\u00e0&#8230;"},"content":{"rendered":"<div class=\"pdfprnt-buttons pdfprnt-buttons-post pdfprnt-top-right\"><a href=\"https:\/\/circoloculturalesanfrancesco.org\/site\/wp-json\/wp\/v2\/posts\/765?print=pdf\" class=\"pdfprnt-button pdfprnt-button-pdf\" target=\"_blank\"><img decoding=\"async\" src=\"https:\/\/circoloculturalesanfrancesco.org\/site\/wp-content\/plugins\/pdf-print\/images\/pdf.png\" alt=\"image_pdf\" title=\"Visualizza PDF\" \/><\/a><a href=\"https:\/\/circoloculturalesanfrancesco.org\/site\/wp-json\/wp\/v2\/posts\/765?print=print\" class=\"pdfprnt-button pdfprnt-button-print\" target=\"_blank\"><img decoding=\"async\" src=\"https:\/\/circoloculturalesanfrancesco.org\/site\/wp-content\/plugins\/pdf-print\/images\/print.png\" alt=\"image_print\" title=\"Stampa contenuto\" \/><\/a><\/div><p align=\"JUSTIFY\"><span style=\"font-family: Georgia, sans-serif;\"><span style=\"font-size: medium;\"><i>Amici<\/i>, abbiate una settimana feconda e riflessiva, come Ges\u00f9 ci richiede nel brano del Vangelo che leggiamo nella 25<sup>a<\/sup> Domenica del tempo ordinario. Con <b>la <\/b><strong>parabola del vignaiolo\u00a0<\/strong>(Mt 20,1-6), egli gli ci confida che Dio non si basa sulla regola dell&#8217;apparente giustizia umana, poich\u00e9 \u00e8 l&#8217;amore la sua misura. Quella della giustizia non \u00e8 la regola pi\u00f9 alta. Il padrone della vigna non la viola <span lang=\"it-IT\">\u2013<\/span> <span style=\"color: #000000;\">d\u00e0 ai primi quanto pattuito <span lang=\"it-IT\">\u2013<\/span>, ma la supera, con generosit\u00e0 e gratuit\u00e0. Per cogliere questo messaggio, occorre uscire da una logica sindacale ed economica, lasciare da parte la mentalit\u00e0 del ragioniere e adottare la logica dell\u2019innamorato: optare per la gratuit\u00e0. <\/span><\/span><\/span><\/p>\n<p align=\"JUSTIFY\"><span style=\"font-family: Georgia, sans-serif; color: #000000;\"><span style=\"font-size: medium;\">Ges\u00f9 sconvolge la diffusa e ricorrente <strong>dottrina del merito<\/strong>, secondo la quale tutto \u00e8 un <i>diritto<\/i> per chi \u00absopporta il peso della giornata e il caldo\u00bb (v. 12) o un <i>salario <\/i>dovuto a chi compie determinate opere.\u00a0<\/span><\/span><\/p>\n<p align=\"JUSTIFY\"><span style=\"font-family: Georgia, sans-serif; color: #000000;\"><span style=\"font-size: medium;\">La <i>meritocrazia<\/i> &#8211; oggi di moda &#8211; sembra non essere in linea con i criteri di Dio, i cui \u00abpensieri non sono i nostri pensieri e le nostre vie non sono le sue vie\u00bb (v. 8). Il <i>Salmo responsoriale<\/i> (Sal 144) esalta il Signore che \u00e8 paziente, misericordioso e buono verso tutti. Il suo stile \u00e8 identico per giudei e pagani, per giusti e peccatori (cfr. Gal 3,27-28), per gli ultimi e per i primi, e anche per quelli che stanno nel mezzo\u2026 senza calcoli, classifiche e gerarchie. Il nostro Dio \u00e8 davvero meraviglioso.<\/span><\/span><\/p>\n<p align=\"JUSTIFY\"><span style=\"font-family: Georgia, sans-serif; color: #000000;\"><span style=\"font-size: medium;\">La vecchia alleanza basata sul diritto e la giustizia \u00e8 sostituita dalla nuova fondata esclusivamente sulla <strong>gratuit\u00e0<\/strong>. Il mondo nuovo\/la vita in pienezza \u00e8<i><b> <\/b><\/i>un <strong><i>dono<\/i><\/strong>, una iniziativa divina, fatta di amore e di comunione, a cui l\u2019uomo \u00e8 invitato a partecipare con gioia e senza limitazioni, e<i> <\/i>non una<i> ricompensa contrattuale <\/i>o<i> <\/i>un <i>salario<\/i> per le opere della Legge. <\/span><\/span><\/p>\n<p align=\"JUSTIFY\"><span style=\"font-family: Georgia, sans-serif; color: #000000;\"><span style=\"font-size: medium;\">La giustizia non \u00e8 abbastanza. \u00abL&#8217;esperienza del passato e del nostro tempo dimostra che la giustizia da sola non basta e che, anzi, pu\u00f2 condurre alla negazione e all&#8217;annientamento di se stessa, se non si consente a quella forza pi\u00f9 profonda, che \u00e8 l&#8217;<b>amore<\/b>, di plasmare la vita umana nelle sue varie dimensioni. \u00c8 stata appunto l&#8217;esperienza storica che, fra l&#8217;altro, ha portato a formulare questa asserzione: \u201cSommo diritto, somma ingiustizia\u201d (S<i>ummum ius, summa iniuria<\/i>)\u00bb (Giovanni Paolo II, <i>Dives in misericordia<\/i>,<i> <\/i>n. 12).<\/span><\/span><\/p>\n<p align=\"JUSTIFY\"><span style=\"font-family: Georgia, sans-serif; color: #000000;\"><span style=\"font-size: medium;\">L\u2019insegnamento di Ges\u00f9 invita a non chiudersi nella giustizia, ma ad andare oltre, con amore. Come sarebbe diverso il mondo, se ce ne ricordassimo pi\u00f9 spesso! Quanti rancori sparirebbero se, invece di atteggiarci a ragionieri che minuziosamente conteggiano ragioni e torti, ci lasciassimo guidare dalla gratuit\u00e0 e generosit\u00e0! <\/span><\/span><\/p>\n<p align=\"JUSTIFY\"><span style=\"color: #000000;\"><span style=\"font-family: Georgia, sans-serif;\"><span style=\"font-size: medium;\">Domenica <span style=\"color: #ff420e;\"><b>21 settembre\u00a0<\/b><\/span>(Is 55,6-9; Sal 144; Fil 1,20-24.27; Mt 20,1-6): S. <strong>Matteo<\/strong> (\u2020 met\u00e0 del I sec. d. C.), apostolo, autore del <i>Vangelo<\/i> <i>secondo Matteo<\/i>, che dopo l\u2019ascensione di Ges\u00f9 evangelizz\u00f2, secondo la tradizione, in Persia, Siria ed Etiopia. \u2013 <strong>Viaggio apostolico di Papa Francesco a Tirana<\/strong>: \u00abAvete sofferto, ora siate per l\u2019Europa esempio di un Paese che vola alto, aperti a Dio e al rispetto fra voi insieme a Cristo\u00bb. \u2013 <strong><span style=\"color: #121212;\">Giornate sociali cattoliche per l\u2019Europa<\/span><\/strong><span style=\"color: #121212;\"> in corso a Madrid a cui<\/span><span style=\"color: #121212;\"> prendono parte circa 200 persone, esortate dal Papa ad \u00aboffrire ai diversi settori della societ\u00e0 una testimonianza pi\u00f9 coerente e gioiosa che risvegli le coscienze alla realt\u00e0 che i beni temporali e l\u2019ordinamento della societ\u00e0 debbono essere al servizio della persona umana e della sua realizzazione finale in Dio\u00bb. <\/span><span style=\"color: #121212;\">\u2013\u00a0<\/span><strong>Giornata Mondiale dell\u2019Alzheimer<\/strong>, un\u2019occasione per far uscire questa malattia dal buio in cui \u00e8 stata relegata per tanto tempo, ma anche per ripensare la nostra societ\u00e0, i nostri rapporti, i nostri legami. <\/span><\/span><\/span><\/p>\n<p align=\"JUSTIFY\"><span style=\"font-family: Georgia, sans-serif;\"><span style=\"font-size: medium;\"><span style=\"color: #000000;\"><span lang=\"it-IT\">Marted\u00ec <\/span><\/span><span style=\"color: #ff0000;\"><span lang=\"it-IT\"><b>23 settembre<\/b><\/span><\/span><span lang=\"it-IT\">: <\/span><span style=\"color: #000000;\"><span lang=\"it-IT\">S. <strong>Lino<\/strong><\/span><span lang=\"it-IT\"> (\u2020 I sec.), Papa (dal 67 al 76 d. C.), scelto da s. Pietro quale suo successore come vescovo di Roma, primo Papa italiano, toscano d\u2019origine, nato a Volterra, venerato come martire, a causa delle sofferenze subite durante la persecuzione neroniana. \u2013 <\/span><span lang=\"it-IT\">S. <strong>Pio da Pietrelcina<\/strong><\/span><span lang=\"it-IT\"> (\u2020 1968), sacerdote dell\u2019Ordine dei Frati Minori Cappuccini, uomo di preghiera, direttore spirituale e confessore, protettore dei malati e dei poveri, proclamato santo il 16 giugno 2002 in Piazza S. Pietro da Papa Giovanni Paolo II come <\/span><span lang=\"it-IT\"><i>san Pio da Pietrelcina<\/i><\/span><span lang=\"it-IT\">. \u2013<strong>\u00a0<\/strong><\/span><\/span><span style=\"color: #ff0000;\"><strong><span lang=\"it-IT\">Laboratorio musicale <\/span><\/strong><\/span><span lang=\"it-IT\"><span style=\"color: #000000;\">promosso dal Circolo Culturale San Francesco e a cura del M\u00b0 Luigi Cimino, nel Salone S. Elisabetta d\u2019Ungheria, al lato destro della chiesa \u00abSacro Cuore\u00bb di Catanzaro Lido (ore 18.15).<\/span><\/span><\/span><\/span><\/p>\n<p align=\"JUSTIFY\"><span style=\"font-family: Georgia, sans-serif;\"><span style=\"font-size: medium;\"><span style=\"color: #000000;\"><span lang=\"it-IT\">Gioved\u00ec <span style=\"color: #ff0000;\"><strong>25 settembre<\/strong><span style=\"color: #000000;\">:<\/span><\/span>\u00a0<\/span><\/span><span style=\"color: #000000;\"><span lang=\"it-IT\">\u2013 <\/span><\/span><span style=\"color: #000000;\"><span lang=\"it-IT\">S.<\/span><\/span><span style=\"color: #000000;\"><span lang=\"it-IT\">\u00a0<\/span><\/span><strong><span style=\"color: #000000;\"><span lang=\"it-IT\">Cleofa<\/span><\/span><\/strong><span style=\"color: #000000;\"><span lang=\"it-IT\"><span style=\"color: #000000;\">\u00a0<\/span>(o Cl\u00e8opa, o Alfeo) di Emmaus (I sec.), \u201ctestimone della risurrezione\u201d, uno dei due discepoli che nel villaggio di Emmaus riconobbe il Signore nell\u2019atto di spezzare il pane (cfr. Lc 24,13-31), trucidato dai suoi compaesani, intolleranti del suo zelo e della sua certezza di fede nel Messia risorto. \u2014 <\/span><\/span><span style=\"color: #000000;\"><span lang=\"it-IT\">S.<b> <\/b><\/span><\/span><strong><span style=\"color: #000000;\"><span lang=\"it-IT\">Sergio di Radonez<\/span><\/span><\/strong><span style=\"color: #000000;\"><span lang=\"it-IT\"><strong>\u00a0<\/strong>(\u2020 1392), a nord-est di Mosca, fondatore del <\/span><\/span><span style=\"color: #000000;\"><span lang=\"it-IT\">monastero della Trinit\u00e0 di Serghiev Posad (Troice-Lavra), punto di riferimento per il monachesimo della Russia settentrionale e meta di molti pellegrinaggi; \u00e8 uno dei primi santi russi a cui furono attribuite visioni mistiche, uomo mite, consigliere di pr\u00edncipi e consolatore dei fedeli, canonizzato prima del 1449; attraverso il suo discepolo Nil Sorskij si diffuse l&#8217;esicasmo, cio\u00e8 la preghiera del cuore, resa celebre dai \u00abRacconti di un pellegrino russo\u00bb: \u00abSignore Ges\u00f9 Cristo, Figlio di Dio, abbi piet\u00e0 di me\u00bb.<\/span><\/span><span style=\"color: #000000;\"><span lang=\"it-IT\"> \u2014 10\u00b0 <\/span><\/span><strong><span style=\"color: #000000;\"><span lang=\"it-IT\">Congresso Mondiale di Mediazione<\/span><\/span><\/strong><span style=\"color: #000000;\"><span lang=\"it-IT\"> a Genova (22-27 settembre), con il saluto augurale di Papa Francesco ai 450 partecipanti, giunti da 26 Paesi: \u00abGes\u00f9, \u201cMediatore tra Dio e gli uomini\u201d, susciti in tutti ad ogni livello della societ\u00e0 sentimenti di fratellanza e di solidariet\u00e0, per la costruzione di una civilt\u00e0 nuova, fondata sul rispetto reciproco e sull\u2019amore inclusivo\u00bb. <\/span><\/span><span style=\"color: #000000;\"><span lang=\"it-IT\">\u2014 <\/span><\/span><span style=\"color: #333333;\"><span lang=\"it-IT\">I<\/span><\/span><span style=\"color: #000000;\"><span lang=\"it-IT\">nizio della <\/span><\/span><span style=\"color: #000000;\"><span lang=\"it-IT\"><b>novena<\/b><\/span><\/span><span style=\"color: #000000;\"><span lang=\"it-IT\"> in preparazione alla solennit\u00e0 di s. <\/span><\/span><strong><span style=\"color: #000000;\"><span lang=\"it-IT\">Francesco d\u2019Assisi<\/span><\/span><\/strong><span style=\"color: #000000;\"><span lang=\"it-IT\">, animata dalla Fraternit\u00e0 conventuale e quella secolare di S. Elisabetta d\u2019Ungheria (OFS).<\/span><\/span><\/span><\/span><\/p>\n<p lang=\"it-IT\" align=\"JUSTIFY\"><span style=\"color: #000000;\"><span style=\"font-family: Georgia, sans-serif;\"><span style=\"font-size: medium;\">Venerd\u00ec <span style=\"color: #ff0000;\"><strong>26 settembre<\/strong><\/span>: Ss.\u00a0<strong>Cosma e Damiano<\/strong>\u00a0(\u2020 ca. 303), gemelli di origine araba, santi an\u00e0rgiri (gr. an\u00e1rgyroi = senza denaro) che in Siria prestarono la loro opera con assoluto disinteresse, senza mai chiedere retribuzione alcuna, n\u00e9 in denaro, n\u00e9 di altro genere, in applicazione del precetto evangelico: \u00abGratis accepistis, gratis date\u00bb; martiri, patroni dei medici, chirurghi, farmacisti, parrucchieri.<\/span><\/span><\/span><\/p>\n<p align=\"JUSTIFY\"><span style=\"font-family: Georgia, sans-serif;\"><span style=\"font-size: medium;\"><span style=\"color: #000000;\">Sabato<\/span> <span style=\"color: #c5000b;\"><b>27 settembre<\/b><\/span>: <span style=\"color: #000000;\">S. <\/span><span style=\"color: #000000;\"><b>Vincenzo de\u2019 Paoli<\/b><\/span><span style=\"color: #000000;\">\u00a0<\/span><span style=\"color: #000000;\">(\u2020 1660), <\/span><span style=\"color: #000000;\">sacerdote francese, <\/span><span style=\"color: #000000;\">evangelizzatore delle popolazioni rurali, cappellano delle galere e apostolo della carit\u00e0 in mezzo ai poveri, i malati e i sofferenti, formatore dei sacerdoti, religiosi e laici che furono gli animatori della Chiesa di Francia, interprete dei diritti degli umili presso i potenti, <\/span><span style=\"color: #000000;\">fondatore della Congregazione della Missione (Lazzaristi) e delle Figlie della Carit\u00e0, per la formazione del clero, le missioni popolari e il servizio dei poveri<\/span><span style=\"color: #000000;\">. \u2013 Nella chiesa del Ges\u00f9 a Roma, <\/span><span style=\"color: #000000;\"><b>liturgia di ringraziamento<\/b><\/span><span style=\"color: #000000;\">, con Vespri e <\/span><span style=\"color: #000000;\"><i>Te Deum<\/i><\/span><span style=\"color: #000000;\">, presieduta da Papa Francesco, in occasione del 200\u00b0 anniversario della ricostituzione della Compagnia di Ges\u00f9 (ore 16.50-18.30). \u2014 3<\/span><span style=\"color: #000000;\"><sup>o<\/sup><\/span><span style=\"color: #000000;\"><sup>\u00a0<\/sup><\/span><span style=\"color: #000000;\">giorno della<\/span><span style=\"color: #000000;\">\u00a0<\/span><span style=\"color: #000000;\">novena<\/span><span style=\"color: #000000;\">\u00a0<\/span><span style=\"color: #000000;\">a s.\u00a0Francesco. \u2013 35<\/span><span style=\"color: #000000;\"><sup>a<\/sup><\/span><span style=\"color: #000000;\">\u00a0<\/span><span style=\"color: #000000;\"><b>Giornata Mondiale del Turismo<\/b><\/span><span style=\"color: #000000;\">,\u00a0promossa dall&#8217;Organizzazione Mondiale del Turismo (OMT), sul tema: \u00abTurismo e sviluppo comunitario\u00bb (si veda il Messaggio del Pontificio Consiglio della Pastorale per i Migranti e gli Itineranti: <a href=\"http:\/\/www.usccb.org\/issues-and-action\/cultural-diversity\/pastoral-care-of-migrants-refugees-and-travelers\/people-on-the-move\/upload\/WTD-2014-Italian.pdf\">http:\/\/www.usccb.org\/issues-and-action\/cultural-diversity\/pastoral-care-of-migrants-refugees-and-travelers\/people-on-the-move\/upload\/WTD-2014-Italian.pdf<\/a><a href=\"http:\/\/www.usccb.org\/issues-and-action\/cultural-diversity\/pastoral-care-of-migrants-refugees-and-travelers\/people-on-the-move\/upload\/WTD-2014-Italian.pdf\"><span style=\"color: #000000;\">)<\/span><\/a>.\u00a0<\/span><\/span><\/span><\/p>\n<p align=\"JUSTIFY\">\n<p align=\"RIGHT\"><span style=\"font-family: Georgia, sans-serif;\"><span style=\"font-size: medium;\"><i><span style=\"color: #000000;\">Piotr Anzulewicz OFMConv<\/span><\/i><\/span><\/span><\/p>\n","protected":false},"excerpt":{"rendered":"<p>Amici, abbiate una settimana feconda e riflessiva, come Ges\u00f9 ci richiede nel brano del Vangelo che leggiamo nella 25a Domenica del tempo ordinario. Con la parabola del vignaiolo\u00a0(Mt 20,1-6), egli gli ci confida che&#46;&#46;&#46;<\/p>\n","protected":false},"author":8,"featured_media":766,"comment_status":"open","ping_status":"closed","sticky":false,"template":"","format":"standard","meta":{"ngg_post_thumbnail":0,"footnotes":""},"categories":[32],"tags":[],"yoast_head":"<!-- This site is optimized with the Yoast SEO plugin v18.3 - https:\/\/yoast.com\/wordpress\/plugins\/seo\/ -->\n<title>Optare per la gratuit\u00e0... -<\/title>\n<meta name=\"robots\" content=\"index, follow, max-snippet:-1, max-image-preview:large, max-video-preview:-1\" \/>\n<link rel=\"canonical\" href=\"https:\/\/circoloculturalesanfrancesco.org\/optare-per-gratuita\/\" \/>\n<meta property=\"og:locale\" content=\"it_IT\" \/>\n<meta property=\"og:type\" content=\"article\" \/>\n<meta property=\"og:title\" content=\"Optare per la gratuit\u00e0... -\" \/>\n<meta property=\"og:description\" content=\"Amici, abbiate una settimana feconda e riflessiva, come Ges\u00f9 ci richiede nel brano del Vangelo che leggiamo nella 25a Domenica del tempo ordinario. Con la parabola del vignaiolo\u00a0(Mt 20,1-6), egli gli ci confida che&#046;&#046;&#046;\" \/>\n<meta property=\"og:url\" content=\"https:\/\/circoloculturalesanfrancesco.org\/optare-per-gratuita\/\" \/>\n<meta property=\"article:author\" content=\"https:\/\/www.facebook.com\/circoloculturalesanfrancescocatanzaro\/\" \/>\n<meta property=\"article:published_time\" content=\"2014-09-22T13:09:42+00:00\" \/>\n<meta property=\"article:modified_time\" content=\"2014-09-27T09:06:55+00:00\" \/>\n<meta property=\"og:image\" content=\"https:\/\/circoloculturalesanfrancesco.org\/site\/wp-content\/uploads\/2014\/09\/Gratuit\u00e0-cuore-vola.jpg\" \/>\n\t<meta property=\"og:image:width\" content=\"370\" \/>\n\t<meta property=\"og:image:height\" content=\"136\" \/>\n\t<meta property=\"og:image:type\" content=\"image\/jpeg\" \/>\n<meta name=\"twitter:label1\" content=\"Scritto da\" \/>\n\t<meta name=\"twitter:data1\" content=\"admin\" \/>\n\t<meta name=\"twitter:label2\" content=\"Tempo di lettura stimato\" \/>\n\t<meta name=\"twitter:data2\" content=\"6 minuti\" \/>\n<script type=\"application\/ld+json\" class=\"yoast-schema-graph\">{\"@context\":\"https:\/\/schema.org\",\"@graph\":[{\"@type\":\"WebSite\",\"@id\":\"https:\/\/circoloculturalesanfrancesco.org\/site\/#website\",\"url\":\"https:\/\/circoloculturalesanfrancesco.org\/site\/\",\"name\":\"\",\"description\":\"\",\"potentialAction\":[{\"@type\":\"SearchAction\",\"target\":{\"@type\":\"EntryPoint\",\"urlTemplate\":\"https:\/\/circoloculturalesanfrancesco.org\/site\/?s={search_term_string}\"},\"query-input\":\"required name=search_term_string\"}],\"inLanguage\":\"it-IT\"},{\"@type\":\"ImageObject\",\"@id\":\"https:\/\/circoloculturalesanfrancesco.org\/optare-per-gratuita\/#primaryimage\",\"inLanguage\":\"it-IT\",\"url\":\"https:\/\/circoloculturalesanfrancesco.org\/site\/wp-content\/uploads\/2014\/09\/Gratuit\u00e0-cuore-vola.jpg\",\"contentUrl\":\"https:\/\/circoloculturalesanfrancesco.org\/site\/wp-content\/uploads\/2014\/09\/Gratuit\u00e0-cuore-vola.jpg\",\"width\":370,\"height\":136},{\"@type\":\"WebPage\",\"@id\":\"https:\/\/circoloculturalesanfrancesco.org\/optare-per-gratuita\/#webpage\",\"url\":\"https:\/\/circoloculturalesanfrancesco.org\/optare-per-gratuita\/\",\"name\":\"Optare per la gratuit\u00e0... -\",\"isPartOf\":{\"@id\":\"https:\/\/circoloculturalesanfrancesco.org\/site\/#website\"},\"primaryImageOfPage\":{\"@id\":\"https:\/\/circoloculturalesanfrancesco.org\/optare-per-gratuita\/#primaryimage\"},\"datePublished\":\"2014-09-22T13:09:42+00:00\",\"dateModified\":\"2014-09-27T09:06:55+00:00\",\"author\":{\"@id\":\"https:\/\/circoloculturalesanfrancesco.org\/site\/#\/schema\/person\/aaf2eff003877a067bad8f35656b0ec2\"},\"breadcrumb\":{\"@id\":\"https:\/\/circoloculturalesanfrancesco.org\/optare-per-gratuita\/#breadcrumb\"},\"inLanguage\":\"it-IT\",\"potentialAction\":[{\"@type\":\"ReadAction\",\"target\":[\"https:\/\/circoloculturalesanfrancesco.org\/optare-per-gratuita\/\"]}]},{\"@type\":\"BreadcrumbList\",\"@id\":\"https:\/\/circoloculturalesanfrancesco.org\/optare-per-gratuita\/#breadcrumb\",\"itemListElement\":[{\"@type\":\"ListItem\",\"position\":1,\"name\":\"Home\",\"item\":\"https:\/\/circoloculturalesanfrancesco.org\/site\/\"},{\"@type\":\"ListItem\",\"position\":2,\"name\":\"Optare per la gratuit\u00e0&#8230;\"}]},{\"@type\":\"Person\",\"@id\":\"https:\/\/circoloculturalesanfrancesco.org\/site\/#\/schema\/person\/aaf2eff003877a067bad8f35656b0ec2\",\"name\":\"admin\",\"image\":{\"@type\":\"ImageObject\",\"@id\":\"https:\/\/circoloculturalesanfrancesco.org\/site\/#personlogo\",\"inLanguage\":\"it-IT\",\"url\":\"https:\/\/secure.gravatar.com\/avatar\/4c528ef69a5e20c241fb0d2a3863e2fd?s=96&d=identicon&r=g\",\"contentUrl\":\"https:\/\/secure.gravatar.com\/avatar\/4c528ef69a5e20c241fb0d2a3863e2fd?s=96&d=identicon&r=g\",\"caption\":\"admin\"},\"sameAs\":[\"http:\/\/www.circoloculturalesanfrancesco.org\",\"https:\/\/www.facebook.com\/circoloculturalesanfrancescocatanzaro\/\"],\"url\":\"https:\/\/circoloculturalesanfrancesco.org\/site\/author\/panzulewicz\/\"}]}<\/script>\n<!-- \/ Yoast SEO plugin. -->","yoast_head_json":{"title":"Optare per la gratuit\u00e0... -","robots":{"index":"index","follow":"follow","max-snippet":"max-snippet:-1","max-image-preview":"max-image-preview:large","max-video-preview":"max-video-preview:-1"},"canonical":"https:\/\/circoloculturalesanfrancesco.org\/optare-per-gratuita\/","og_locale":"it_IT","og_type":"article","og_title":"Optare per la gratuit\u00e0... -","og_description":"Amici, abbiate una settimana feconda e riflessiva, come Ges\u00f9 ci richiede nel brano del Vangelo che leggiamo nella 25a Domenica del tempo ordinario. Con la parabola del vignaiolo\u00a0(Mt 20,1-6), egli gli ci confida che&#46;&#46;&#46;","og_url":"https:\/\/circoloculturalesanfrancesco.org\/optare-per-gratuita\/","article_author":"https:\/\/www.facebook.com\/circoloculturalesanfrancescocatanzaro\/","article_published_time":"2014-09-22T13:09:42+00:00","article_modified_time":"2014-09-27T09:06:55+00:00","og_image":[{"width":370,"height":136,"url":"https:\/\/circoloculturalesanfrancesco.org\/site\/wp-content\/uploads\/2014\/09\/Gratuit\u00e0-cuore-vola.jpg","type":"image\/jpeg"}],"twitter_misc":{"Scritto da":"admin","Tempo di lettura stimato":"6 minuti"},"schema":{"@context":"https:\/\/schema.org","@graph":[{"@type":"WebSite","@id":"https:\/\/circoloculturalesanfrancesco.org\/site\/#website","url":"https:\/\/circoloculturalesanfrancesco.org\/site\/","name":"","description":"","potentialAction":[{"@type":"SearchAction","target":{"@type":"EntryPoint","urlTemplate":"https:\/\/circoloculturalesanfrancesco.org\/site\/?s={search_term_string}"},"query-input":"required name=search_term_string"}],"inLanguage":"it-IT"},{"@type":"ImageObject","@id":"https:\/\/circoloculturalesanfrancesco.org\/optare-per-gratuita\/#primaryimage","inLanguage":"it-IT","url":"https:\/\/circoloculturalesanfrancesco.org\/site\/wp-content\/uploads\/2014\/09\/Gratuit\u00e0-cuore-vola.jpg","contentUrl":"https:\/\/circoloculturalesanfrancesco.org\/site\/wp-content\/uploads\/2014\/09\/Gratuit\u00e0-cuore-vola.jpg","width":370,"height":136},{"@type":"WebPage","@id":"https:\/\/circoloculturalesanfrancesco.org\/optare-per-gratuita\/#webpage","url":"https:\/\/circoloculturalesanfrancesco.org\/optare-per-gratuita\/","name":"Optare per la gratuit\u00e0... -","isPartOf":{"@id":"https:\/\/circoloculturalesanfrancesco.org\/site\/#website"},"primaryImageOfPage":{"@id":"https:\/\/circoloculturalesanfrancesco.org\/optare-per-gratuita\/#primaryimage"},"datePublished":"2014-09-22T13:09:42+00:00","dateModified":"2014-09-27T09:06:55+00:00","author":{"@id":"https:\/\/circoloculturalesanfrancesco.org\/site\/#\/schema\/person\/aaf2eff003877a067bad8f35656b0ec2"},"breadcrumb":{"@id":"https:\/\/circoloculturalesanfrancesco.org\/optare-per-gratuita\/#breadcrumb"},"inLanguage":"it-IT","potentialAction":[{"@type":"ReadAction","target":["https:\/\/circoloculturalesanfrancesco.org\/optare-per-gratuita\/"]}]},{"@type":"BreadcrumbList","@id":"https:\/\/circoloculturalesanfrancesco.org\/optare-per-gratuita\/#breadcrumb","itemListElement":[{"@type":"ListItem","position":1,"name":"Home","item":"https:\/\/circoloculturalesanfrancesco.org\/site\/"},{"@type":"ListItem","position":2,"name":"Optare per la gratuit\u00e0&#8230;"}]},{"@type":"Person","@id":"https:\/\/circoloculturalesanfrancesco.org\/site\/#\/schema\/person\/aaf2eff003877a067bad8f35656b0ec2","name":"admin","image":{"@type":"ImageObject","@id":"https:\/\/circoloculturalesanfrancesco.org\/site\/#personlogo","inLanguage":"it-IT","url":"https:\/\/secure.gravatar.com\/avatar\/4c528ef69a5e20c241fb0d2a3863e2fd?s=96&d=identicon&r=g","contentUrl":"https:\/\/secure.gravatar.com\/avatar\/4c528ef69a5e20c241fb0d2a3863e2fd?s=96&d=identicon&r=g","caption":"admin"},"sameAs":["http:\/\/www.circoloculturalesanfrancesco.org","https:\/\/www.facebook.com\/circoloculturalesanfrancescocatanzaro\/"],"url":"https:\/\/circoloculturalesanfrancesco.org\/site\/author\/panzulewicz\/"}]}},"_links":{"self":[{"href":"https:\/\/circoloculturalesanfrancesco.org\/site\/wp-json\/wp\/v2\/posts\/765"}],"collection":[{"href":"https:\/\/circoloculturalesanfrancesco.org\/site\/wp-json\/wp\/v2\/posts"}],"about":[{"href":"https:\/\/circoloculturalesanfrancesco.org\/site\/wp-json\/wp\/v2\/types\/post"}],"author":[{"embeddable":true,"href":"https:\/\/circoloculturalesanfrancesco.org\/site\/wp-json\/wp\/v2\/users\/8"}],"replies":[{"embeddable":true,"href":"https:\/\/circoloculturalesanfrancesco.org\/site\/wp-json\/wp\/v2\/comments?post=765"}],"version-history":[{"count":9,"href":"https:\/\/circoloculturalesanfrancesco.org\/site\/wp-json\/wp\/v2\/posts\/765\/revisions"}],"predecessor-version":[{"id":777,"href":"https:\/\/circoloculturalesanfrancesco.org\/site\/wp-json\/wp\/v2\/posts\/765\/revisions\/777"}],"wp:featuredmedia":[{"embeddable":true,"href":"https:\/\/circoloculturalesanfrancesco.org\/site\/wp-json\/wp\/v2\/media\/766"}],"wp:attachment":[{"href":"https:\/\/circoloculturalesanfrancesco.org\/site\/wp-json\/wp\/v2\/media?parent=765"}],"wp:term":[{"taxonomy":"category","embeddable":true,"href":"https:\/\/circoloculturalesanfrancesco.org\/site\/wp-json\/wp\/v2\/categories?post=765"},{"taxonomy":"post_tag","embeddable":true,"href":"https:\/\/circoloculturalesanfrancesco.org\/site\/wp-json\/wp\/v2\/tags?post=765"}],"curies":[{"name":"wp","href":"https:\/\/api.w.org\/{rel}","templated":true}]}}