{"id":6932,"date":"2021-10-07T19:54:00","date_gmt":"2021-10-07T17:54:00","guid":{"rendered":"https:\/\/circoloculturalesanfrancesco.org\/?p=6932"},"modified":"2021-10-19T19:47:54","modified_gmt":"2021-10-19T17:47:54","slug":"e-decollato-infine-il-laboratorio-musicale","status":"publish","type":"post","link":"https:\/\/circoloculturalesanfrancesco.org\/site\/e-decollato-infine-il-laboratorio-musicale\/","title":{"rendered":"\u00c8 &#8216;decollato&#8217; anche il Laboratorio musicale"},"content":{"rendered":"<div class=\"pdfprnt-buttons pdfprnt-buttons-post pdfprnt-top-right\"><a href=\"https:\/\/circoloculturalesanfrancesco.org\/site\/wp-json\/wp\/v2\/posts\/6932?print=pdf\" class=\"pdfprnt-button pdfprnt-button-pdf\" target=\"_blank\"><img decoding=\"async\" src=\"https:\/\/circoloculturalesanfrancesco.org\/site\/wp-content\/plugins\/pdf-print\/images\/pdf.png\" alt=\"image_pdf\" title=\"Visualizza PDF\" \/><\/a><a href=\"https:\/\/circoloculturalesanfrancesco.org\/site\/wp-json\/wp\/v2\/posts\/6932?print=print\" class=\"pdfprnt-button pdfprnt-button-print\" target=\"_blank\"><img decoding=\"async\" src=\"https:\/\/circoloculturalesanfrancesco.org\/site\/wp-content\/plugins\/pdf-print\/images\/print.png\" alt=\"image_print\" title=\"Stampa contenuto\" \/><\/a><\/div>\n<p>Nel rispetto delle norme di prevenzione del contagio, mercoled\u00ec 6 ottobre 2021, \u00e8 &#8216;decollato&#8217; anche il <strong>Laboratorio musicale<\/strong>, diretto gratuitamente dal <strong>M\u00b0 Luigi Cimino<\/strong>, voluto fortemente dal Circolo Culturale San Francesco, aperto generosamente a tutti. Seppur ha coinvolto il numero ridotto dei partecipanti, il primo incontro \u00e8 stato un segno di rinascita e di speranza. Era davvero emozionante vedere <strong>Riccardo <\/strong>e <strong>Salvatore<\/strong>, <strong>Nunzio <\/strong>e <strong>Ninetta<\/strong>, <strong>Tonia<\/strong> e <strong>Maria Rosa<\/strong>, <strong>Clarissa <\/strong>e le sue amiche&#8230; seguire con slancio il Maestro, affiancato da <strong>Ghenadi<\/strong>, operatore audiovisivo, ma anche riscoprire l&#8217;importanza dei legami vivi.<\/p>\n\n\n\n<p>La musica educa all&#8217;ascolto, unisce le persone, porta con s\u00e9 un messaggio che &#8216;parla&#8217; al mondo odierno, palcoscenico di lotte per il potere, la visibilit\u00e0 e la ricchezza in un\u2019indifferenza globalizzata, fredda e insensibile. Toccando le corde sensibili del nostro cuore, ci mette in risonanza e sintonia con gli altri. <strong>La musica ha un grande &#8216;potere&#8217;<\/strong>&#8230; Bisogna per\u00f2 tenere conto di un piccolo dettaglio. Perch\u00e9 le corde del cuore risuonino all&#8217;unisono \u00e8 necessario tenerle in prima fila e non nasconderle nel proprio guscio. Il cuore, per risuonare, ha bisogno di perdere tempo ed educarsi. Solo cos\u00ec si ritrova, batte, vibra e porta l\u00e0 dove sono gli altri: ci fa capire che dobbiamo starci insieme.<\/p>\n\n\n\n<p>Gli incontri con il Maestro, sotto il patrocinio di p. Paolo Sergi, parroco, si tengono <strong>ogni mercoled\u00ec<\/strong>, <strong>dalle ore 19 alle 20<\/strong>, nel Salone di \u00abS. Elisabetta d&#8217;Ungheria\u00bb, presso la chiesa \u00abSacro Cuore\u00bb di Catanzaro Lido. (pa)<\/p>\n\n\n\n<div class=\"wp-block-image is-style-default\"><figure class=\"aligncenter size-medium\"><a href=\"https:\/\/circoloculturalesanfrancesco.org\/site\/wp-content\/uploads\/2020\/10\/Laboratorio-musicale-2021_page-0001.jpg\"><img loading=\"lazy\" decoding=\"async\" width=\"300\" height=\"212\" src=\"https:\/\/circoloculturalesanfrancesco.org\/site\/wp-content\/uploads\/2020\/10\/Laboratorio-musicale-2021_page-0001-300x212.jpg\" alt=\"\" class=\"wp-image-6560\" srcset=\"https:\/\/circoloculturalesanfrancesco.org\/site\/wp-content\/uploads\/2020\/10\/Laboratorio-musicale-2021_page-0001-300x212.jpg 300w, https:\/\/circoloculturalesanfrancesco.org\/site\/wp-content\/uploads\/2020\/10\/Laboratorio-musicale-2021_page-0001-1024x725.jpg 1024w, https:\/\/circoloculturalesanfrancesco.org\/site\/wp-content\/uploads\/2020\/10\/Laboratorio-musicale-2021_page-0001-768x543.jpg 768w, https:\/\/circoloculturalesanfrancesco.org\/site\/wp-content\/uploads\/2020\/10\/Laboratorio-musicale-2021_page-0001-1536x1087.jpg 1536w, https:\/\/circoloculturalesanfrancesco.org\/site\/wp-content\/uploads\/2020\/10\/Laboratorio-musicale-2021_page-0001-100x71.jpg 100w, https:\/\/circoloculturalesanfrancesco.org\/site\/wp-content\/uploads\/2020\/10\/Laboratorio-musicale-2021_page-0001-109x77.jpg 109w, https:\/\/circoloculturalesanfrancesco.org\/site\/wp-content\/uploads\/2020\/10\/Laboratorio-musicale-2021_page-0001.jpg 1754w\" sizes=\"(max-width: 300px) 100vw, 300px\" \/><\/a><\/figure><\/div>\n\n\n\n<div class=\"wp-block-image is-style-default\"><figure class=\"aligncenter size-medium\"><a href=\"https:\/\/circoloculturalesanfrancesco.org\/site\/wp-content\/uploads\/2021\/10\/02396d8b-cd80-43b3-9532-f779f39aa61e.jpg\"><img loading=\"lazy\" decoding=\"async\" width=\"169\" height=\"300\" src=\"https:\/\/circoloculturalesanfrancesco.org\/site\/wp-content\/uploads\/2021\/10\/02396d8b-cd80-43b3-9532-f779f39aa61e-169x300.jpg\" alt=\"\" class=\"wp-image-6933\" srcset=\"https:\/\/circoloculturalesanfrancesco.org\/site\/wp-content\/uploads\/2021\/10\/02396d8b-cd80-43b3-9532-f779f39aa61e-169x300.jpg 169w, https:\/\/circoloculturalesanfrancesco.org\/site\/wp-content\/uploads\/2021\/10\/02396d8b-cd80-43b3-9532-f779f39aa61e-56x100.jpg 56w, https:\/\/circoloculturalesanfrancesco.org\/site\/wp-content\/uploads\/2021\/10\/02396d8b-cd80-43b3-9532-f779f39aa61e-43x77.jpg 43w, https:\/\/circoloculturalesanfrancesco.org\/site\/wp-content\/uploads\/2021\/10\/02396d8b-cd80-43b3-9532-f779f39aa61e.jpg 577w\" sizes=\"(max-width: 169px) 100vw, 169px\" \/><\/a><figcaption>M\u00b0 Luigi Cimino<\/figcaption><\/figure><\/div>\n\n\n\n<div class=\"wp-block-image is-style-default\"><figure class=\"aligncenter size-medium\"><a href=\"https:\/\/circoloculturalesanfrancesco.org\/site\/wp-content\/uploads\/2021\/10\/EVWF6714.jpg\"><img loading=\"lazy\" decoding=\"async\" width=\"169\" height=\"300\" src=\"https:\/\/circoloculturalesanfrancesco.org\/site\/wp-content\/uploads\/2021\/10\/EVWF6714-169x300.jpg\" alt=\"\" class=\"wp-image-6935\" srcset=\"https:\/\/circoloculturalesanfrancesco.org\/site\/wp-content\/uploads\/2021\/10\/EVWF6714-169x300.jpg 169w, https:\/\/circoloculturalesanfrancesco.org\/site\/wp-content\/uploads\/2021\/10\/EVWF6714-576x1024.jpg 576w, https:\/\/circoloculturalesanfrancesco.org\/site\/wp-content\/uploads\/2021\/10\/EVWF6714-768x1365.jpg 768w, https:\/\/circoloculturalesanfrancesco.org\/site\/wp-content\/uploads\/2021\/10\/EVWF6714-864x1536.jpg 864w, https:\/\/circoloculturalesanfrancesco.org\/site\/wp-content\/uploads\/2021\/10\/EVWF6714-56x100.jpg 56w, https:\/\/circoloculturalesanfrancesco.org\/site\/wp-content\/uploads\/2021\/10\/EVWF6714-43x77.jpg 43w, https:\/\/circoloculturalesanfrancesco.org\/site\/wp-content\/uploads\/2021\/10\/EVWF6714.jpg 1080w\" sizes=\"(max-width: 169px) 100vw, 169px\" \/><\/a><figcaption>Nel rispetto delle normative anti-Covid&#8230;<\/figcaption><\/figure><\/div>\n\n\n\n<div class=\"wp-block-image is-style-default\"><figure class=\"aligncenter size-medium\"><a href=\"https:\/\/circoloculturalesanfrancesco.org\/site\/wp-content\/uploads\/2021\/10\/IMG_7454-scaled.jpg\"><img loading=\"lazy\" decoding=\"async\" width=\"300\" height=\"225\" src=\"https:\/\/circoloculturalesanfrancesco.org\/site\/wp-content\/uploads\/2021\/10\/IMG_7454-300x225.jpg\" alt=\"\" class=\"wp-image-6936\" srcset=\"https:\/\/circoloculturalesanfrancesco.org\/site\/wp-content\/uploads\/2021\/10\/IMG_7454-300x225.jpg 300w, https:\/\/circoloculturalesanfrancesco.org\/site\/wp-content\/uploads\/2021\/10\/IMG_7454-1024x768.jpg 1024w, https:\/\/circoloculturalesanfrancesco.org\/site\/wp-content\/uploads\/2021\/10\/IMG_7454-768x576.jpg 768w, https:\/\/circoloculturalesanfrancesco.org\/site\/wp-content\/uploads\/2021\/10\/IMG_7454-1536x1152.jpg 1536w, https:\/\/circoloculturalesanfrancesco.org\/site\/wp-content\/uploads\/2021\/10\/IMG_7454-2048x1536.jpg 2048w, https:\/\/circoloculturalesanfrancesco.org\/site\/wp-content\/uploads\/2021\/10\/IMG_7454-100x75.jpg 100w, https:\/\/circoloculturalesanfrancesco.org\/site\/wp-content\/uploads\/2021\/10\/IMG_7454-103x77.jpg 103w\" sizes=\"(max-width: 300px) 100vw, 300px\" \/><\/a><figcaption>La musica \u00e8 l&#8217;arte dei suoni<\/figcaption><\/figure><\/div>\n\n\n\n<div class=\"wp-block-image is-style-default\"><figure class=\"aligncenter size-medium\"><a href=\"https:\/\/circoloculturalesanfrancesco.org\/site\/wp-content\/uploads\/2021\/10\/IMG_7455-scaled.jpg\"><img loading=\"lazy\" decoding=\"async\" width=\"300\" height=\"225\" src=\"https:\/\/circoloculturalesanfrancesco.org\/site\/wp-content\/uploads\/2021\/10\/IMG_7455-300x225.jpg\" alt=\"\" class=\"wp-image-6940\" srcset=\"https:\/\/circoloculturalesanfrancesco.org\/site\/wp-content\/uploads\/2021\/10\/IMG_7455-300x225.jpg 300w, https:\/\/circoloculturalesanfrancesco.org\/site\/wp-content\/uploads\/2021\/10\/IMG_7455-1024x768.jpg 1024w, https:\/\/circoloculturalesanfrancesco.org\/site\/wp-content\/uploads\/2021\/10\/IMG_7455-768x576.jpg 768w, https:\/\/circoloculturalesanfrancesco.org\/site\/wp-content\/uploads\/2021\/10\/IMG_7455-1536x1152.jpg 1536w, https:\/\/circoloculturalesanfrancesco.org\/site\/wp-content\/uploads\/2021\/10\/IMG_7455-2048x1536.jpg 2048w, https:\/\/circoloculturalesanfrancesco.org\/site\/wp-content\/uploads\/2021\/10\/IMG_7455-100x75.jpg 100w, https:\/\/circoloculturalesanfrancesco.org\/site\/wp-content\/uploads\/2021\/10\/IMG_7455-103x77.jpg 103w\" sizes=\"(max-width: 300px) 100vw, 300px\" \/><\/a><figcaption>Hey, Nunzio e Ghenadi!<\/figcaption><\/figure><\/div>\n\n\n\n<div class=\"wp-block-image is-style-default\"><figure class=\"aligncenter size-medium\"><a href=\"https:\/\/circoloculturalesanfrancesco.org\/site\/wp-content\/uploads\/2021\/10\/IMG_7457-scaled.jpg\"><img loading=\"lazy\" decoding=\"async\" width=\"300\" height=\"225\" src=\"https:\/\/circoloculturalesanfrancesco.org\/site\/wp-content\/uploads\/2021\/10\/IMG_7457-300x225.jpg\" alt=\"\" class=\"wp-image-6943\" srcset=\"https:\/\/circoloculturalesanfrancesco.org\/site\/wp-content\/uploads\/2021\/10\/IMG_7457-300x225.jpg 300w, https:\/\/circoloculturalesanfrancesco.org\/site\/wp-content\/uploads\/2021\/10\/IMG_7457-1024x768.jpg 1024w, https:\/\/circoloculturalesanfrancesco.org\/site\/wp-content\/uploads\/2021\/10\/IMG_7457-768x576.jpg 768w, https:\/\/circoloculturalesanfrancesco.org\/site\/wp-content\/uploads\/2021\/10\/IMG_7457-1536x1152.jpg 1536w, https:\/\/circoloculturalesanfrancesco.org\/site\/wp-content\/uploads\/2021\/10\/IMG_7457-2048x1536.jpg 2048w, https:\/\/circoloculturalesanfrancesco.org\/site\/wp-content\/uploads\/2021\/10\/IMG_7457-100x75.jpg 100w, https:\/\/circoloculturalesanfrancesco.org\/site\/wp-content\/uploads\/2021\/10\/IMG_7457-103x77.jpg 103w\" sizes=\"(max-width: 300px) 100vw, 300px\" \/><\/a><figcaption>Riccardo e Salvatore!<\/figcaption><\/figure><\/div>\n\n\n\n<div class=\"wp-block-image is-style-default\"><figure class=\"aligncenter size-medium\"><a href=\"https:\/\/circoloculturalesanfrancesco.org\/site\/wp-content\/uploads\/2021\/10\/IMG_7462-scaled.jpg\"><img loading=\"lazy\" decoding=\"async\" width=\"300\" height=\"225\" src=\"https:\/\/circoloculturalesanfrancesco.org\/site\/wp-content\/uploads\/2021\/10\/IMG_7462-300x225.jpg\" alt=\"\" class=\"wp-image-6944\" srcset=\"https:\/\/circoloculturalesanfrancesco.org\/site\/wp-content\/uploads\/2021\/10\/IMG_7462-300x225.jpg 300w, https:\/\/circoloculturalesanfrancesco.org\/site\/wp-content\/uploads\/2021\/10\/IMG_7462-1024x768.jpg 1024w, https:\/\/circoloculturalesanfrancesco.org\/site\/wp-content\/uploads\/2021\/10\/IMG_7462-768x576.jpg 768w, https:\/\/circoloculturalesanfrancesco.org\/site\/wp-content\/uploads\/2021\/10\/IMG_7462-1536x1152.jpg 1536w, https:\/\/circoloculturalesanfrancesco.org\/site\/wp-content\/uploads\/2021\/10\/IMG_7462-2048x1536.jpg 2048w, https:\/\/circoloculturalesanfrancesco.org\/site\/wp-content\/uploads\/2021\/10\/IMG_7462-100x75.jpg 100w, https:\/\/circoloculturalesanfrancesco.org\/site\/wp-content\/uploads\/2021\/10\/IMG_7462-103x77.jpg 103w\" sizes=\"(max-width: 300px) 100vw, 300px\" \/><\/a><figcaption>Ninetta!<\/figcaption><\/figure><\/div>\n\n\n\n<div class=\"wp-block-image is-style-default\"><figure class=\"aligncenter size-medium\"><a href=\"https:\/\/circoloculturalesanfrancesco.org\/site\/wp-content\/uploads\/2021\/10\/IMG_7456-scaled.jpg\"><img loading=\"lazy\" decoding=\"async\" width=\"300\" height=\"225\" src=\"https:\/\/circoloculturalesanfrancesco.org\/site\/wp-content\/uploads\/2021\/10\/IMG_7456-300x225.jpg\" alt=\"\" class=\"wp-image-6941\" srcset=\"https:\/\/circoloculturalesanfrancesco.org\/site\/wp-content\/uploads\/2021\/10\/IMG_7456-300x225.jpg 300w, https:\/\/circoloculturalesanfrancesco.org\/site\/wp-content\/uploads\/2021\/10\/IMG_7456-1024x768.jpg 1024w, https:\/\/circoloculturalesanfrancesco.org\/site\/wp-content\/uploads\/2021\/10\/IMG_7456-768x576.jpg 768w, https:\/\/circoloculturalesanfrancesco.org\/site\/wp-content\/uploads\/2021\/10\/IMG_7456-1536x1152.jpg 1536w, https:\/\/circoloculturalesanfrancesco.org\/site\/wp-content\/uploads\/2021\/10\/IMG_7456-2048x1536.jpg 2048w, https:\/\/circoloculturalesanfrancesco.org\/site\/wp-content\/uploads\/2021\/10\/IMG_7456-100x75.jpg 100w, https:\/\/circoloculturalesanfrancesco.org\/site\/wp-content\/uploads\/2021\/10\/IMG_7456-103x77.jpg 103w\" sizes=\"(max-width: 300px) 100vw, 300px\" \/><\/a><figcaption>Tonia e Maria Rosa!<\/figcaption><\/figure><\/div>\n\n\n\n<div class=\"wp-block-image is-style-default\"><figure class=\"aligncenter size-medium\"><a href=\"https:\/\/circoloculturalesanfrancesco.org\/site\/wp-content\/uploads\/2021\/10\/b5069e62-1b2b-43c8-bc52-ae2c757996a3.jpg\"><img loading=\"lazy\" decoding=\"async\" width=\"300\" height=\"225\" src=\"https:\/\/circoloculturalesanfrancesco.org\/site\/wp-content\/uploads\/2021\/10\/b5069e62-1b2b-43c8-bc52-ae2c757996a3-300x225.jpg\" alt=\"\" class=\"wp-image-6939\" srcset=\"https:\/\/circoloculturalesanfrancesco.org\/site\/wp-content\/uploads\/2021\/10\/b5069e62-1b2b-43c8-bc52-ae2c757996a3-300x225.jpg 300w, https:\/\/circoloculturalesanfrancesco.org\/site\/wp-content\/uploads\/2021\/10\/b5069e62-1b2b-43c8-bc52-ae2c757996a3-768x576.jpg 768w, https:\/\/circoloculturalesanfrancesco.org\/site\/wp-content\/uploads\/2021\/10\/b5069e62-1b2b-43c8-bc52-ae2c757996a3-100x75.jpg 100w, https:\/\/circoloculturalesanfrancesco.org\/site\/wp-content\/uploads\/2021\/10\/b5069e62-1b2b-43c8-bc52-ae2c757996a3-103x77.jpg 103w, https:\/\/circoloculturalesanfrancesco.org\/site\/wp-content\/uploads\/2021\/10\/b5069e62-1b2b-43c8-bc52-ae2c757996a3.jpg 1024w\" sizes=\"(max-width: 300px) 100vw, 300px\" \/><\/a><figcaption>Clarissa e le sue amiche!<\/figcaption><\/figure><\/div>\n\n\n\n<div class=\"wp-block-image is-style-default\"><figure class=\"aligncenter size-medium\"><a href=\"https:\/\/circoloculturalesanfrancesco.org\/site\/wp-content\/uploads\/2021\/10\/IMG_7461-scaled.jpg\"><img loading=\"lazy\" decoding=\"async\" width=\"300\" height=\"225\" src=\"https:\/\/circoloculturalesanfrancesco.org\/site\/wp-content\/uploads\/2021\/10\/IMG_7461-300x225.jpg\" alt=\"\" class=\"wp-image-6942\" srcset=\"https:\/\/circoloculturalesanfrancesco.org\/site\/wp-content\/uploads\/2021\/10\/IMG_7461-300x225.jpg 300w, https:\/\/circoloculturalesanfrancesco.org\/site\/wp-content\/uploads\/2021\/10\/IMG_7461-1024x768.jpg 1024w, https:\/\/circoloculturalesanfrancesco.org\/site\/wp-content\/uploads\/2021\/10\/IMG_7461-768x576.jpg 768w, https:\/\/circoloculturalesanfrancesco.org\/site\/wp-content\/uploads\/2021\/10\/IMG_7461-1536x1152.jpg 1536w, https:\/\/circoloculturalesanfrancesco.org\/site\/wp-content\/uploads\/2021\/10\/IMG_7461-2048x1536.jpg 2048w, https:\/\/circoloculturalesanfrancesco.org\/site\/wp-content\/uploads\/2021\/10\/IMG_7461-100x75.jpg 100w, https:\/\/circoloculturalesanfrancesco.org\/site\/wp-content\/uploads\/2021\/10\/IMG_7461-103x77.jpg 103w\" sizes=\"(max-width: 300px) 100vw, 300px\" \/><\/a><figcaption>In quel sorriso c&#8217;\u00e8 tutto<\/figcaption><\/figure><\/div>\n\n\n\n<div class=\"wp-block-image is-style-default\"><figure class=\"aligncenter size-medium\"><a href=\"https:\/\/circoloculturalesanfrancesco.org\/site\/wp-content\/uploads\/2021\/10\/46c4954c-ed9f-45bf-bda2-f2e0a367cf77.jpg\"><img loading=\"lazy\" decoding=\"async\" width=\"300\" height=\"225\" src=\"https:\/\/circoloculturalesanfrancesco.org\/site\/wp-content\/uploads\/2021\/10\/46c4954c-ed9f-45bf-bda2-f2e0a367cf77-300x225.jpg\" alt=\"\" class=\"wp-image-6938\" srcset=\"https:\/\/circoloculturalesanfrancesco.org\/site\/wp-content\/uploads\/2021\/10\/46c4954c-ed9f-45bf-bda2-f2e0a367cf77-300x225.jpg 300w, https:\/\/circoloculturalesanfrancesco.org\/site\/wp-content\/uploads\/2021\/10\/46c4954c-ed9f-45bf-bda2-f2e0a367cf77-768x576.jpg 768w, https:\/\/circoloculturalesanfrancesco.org\/site\/wp-content\/uploads\/2021\/10\/46c4954c-ed9f-45bf-bda2-f2e0a367cf77-100x75.jpg 100w, https:\/\/circoloculturalesanfrancesco.org\/site\/wp-content\/uploads\/2021\/10\/46c4954c-ed9f-45bf-bda2-f2e0a367cf77-103x77.jpg 103w, https:\/\/circoloculturalesanfrancesco.org\/site\/wp-content\/uploads\/2021\/10\/46c4954c-ed9f-45bf-bda2-f2e0a367cf77.jpg 1024w\" sizes=\"(max-width: 300px) 100vw, 300px\" \/><\/a><figcaption>Insieme renderemo pi\u00f9 &#8216;sinfonico&#8217; il mondo<\/figcaption><\/figure><\/div>\n\n\n\n<div class=\"wp-block-image is-style-default\"><figure class=\"aligncenter size-medium\"><a href=\"https:\/\/circoloculturalesanfrancesco.org\/site\/wp-content\/uploads\/2021\/10\/Laboratorio-musicale-2021-f.-2-jpg-scaled.jpg\"><img loading=\"lazy\" decoding=\"async\" width=\"300\" height=\"212\" src=\"https:\/\/circoloculturalesanfrancesco.org\/site\/wp-content\/uploads\/2021\/10\/Laboratorio-musicale-2021-f.-2-jpg-300x212.jpg\" alt=\"\" class=\"wp-image-6945\" srcset=\"https:\/\/circoloculturalesanfrancesco.org\/site\/wp-content\/uploads\/2021\/10\/Laboratorio-musicale-2021-f.-2-jpg-300x212.jpg 300w, https:\/\/circoloculturalesanfrancesco.org\/site\/wp-content\/uploads\/2021\/10\/Laboratorio-musicale-2021-f.-2-jpg-1024x724.jpg 1024w, https:\/\/circoloculturalesanfrancesco.org\/site\/wp-content\/uploads\/2021\/10\/Laboratorio-musicale-2021-f.-2-jpg-768x543.jpg 768w, https:\/\/circoloculturalesanfrancesco.org\/site\/wp-content\/uploads\/2021\/10\/Laboratorio-musicale-2021-f.-2-jpg-1536x1086.jpg 1536w, https:\/\/circoloculturalesanfrancesco.org\/site\/wp-content\/uploads\/2021\/10\/Laboratorio-musicale-2021-f.-2-jpg-2048x1448.jpg 2048w, https:\/\/circoloculturalesanfrancesco.org\/site\/wp-content\/uploads\/2021\/10\/Laboratorio-musicale-2021-f.-2-jpg-100x71.jpg 100w, https:\/\/circoloculturalesanfrancesco.org\/site\/wp-content\/uploads\/2021\/10\/Laboratorio-musicale-2021-f.-2-jpg-109x77.jpg 109w\" sizes=\"(max-width: 300px) 100vw, 300px\" \/><\/a><\/figure><\/div>\n\n\n\n<p><\/p>\n","protected":false},"excerpt":{"rendered":"<p>Nel rispetto delle norme di prevenzione del contagio, mercoled\u00ec 6 ottobre 2021, \u00e8 &#8216;decollato&#8217; anche il Laboratorio musicale, diretto gratuitamente dal M\u00b0 Luigi Cimino, voluto fortemente dal Circolo Culturale San Francesco, aperto generosamente a&#46;&#46;&#46;<\/p>\n","protected":false},"author":9,"featured_media":6565,"comment_status":"open","ping_status":"closed","sticky":false,"template":"","format":"standard","meta":{"ngg_post_thumbnail":0,"footnotes":""},"categories":[9,32,29,242,7],"tags":[],"yoast_head":"<!-- This site is optimized with the Yoast SEO plugin v18.3 - https:\/\/yoast.com\/wordpress\/plugins\/seo\/ -->\n<title>\u00c8 &#039;decollato&#039; anche il Laboratorio musicale -<\/title>\n<meta name=\"robots\" content=\"index, follow, max-snippet:-1, max-image-preview:large, max-video-preview:-1\" \/>\n<link rel=\"canonical\" href=\"https:\/\/circoloculturalesanfrancesco.org\/e-decollato-infine-il-laboratorio-musicale\/\" \/>\n<meta property=\"og:locale\" content=\"it_IT\" \/>\n<meta property=\"og:type\" content=\"article\" \/>\n<meta property=\"og:title\" content=\"\u00c8 &#039;decollato&#039; anche il Laboratorio musicale -\" \/>\n<meta property=\"og:description\" content=\"Nel rispetto delle norme di prevenzione del contagio, mercoled\u00ec 6 ottobre 2021, \u00e8 &#8216;decollato&#8217; anche il Laboratorio musicale, diretto gratuitamente dal M\u00b0 Luigi Cimino, voluto fortemente dal Circolo Culturale San Francesco, aperto generosamente a&#046;&#046;&#046;\" \/>\n<meta property=\"og:url\" content=\"https:\/\/circoloculturalesanfrancesco.org\/e-decollato-infine-il-laboratorio-musicale\/\" \/>\n<meta property=\"article:published_time\" content=\"2021-10-07T17:54:00+00:00\" \/>\n<meta property=\"article:modified_time\" content=\"2021-10-19T17:47:54+00:00\" \/>\n<meta property=\"og:image\" content=\"https:\/\/circoloculturalesanfrancesco.org\/site\/wp-content\/uploads\/2020\/10\/note-1.jpg\" \/>\n\t<meta property=\"og:image:width\" content=\"1600\" \/>\n\t<meta property=\"og:image:height\" content=\"1066\" \/>\n\t<meta property=\"og:image:type\" content=\"image\/jpeg\" \/>\n<meta name=\"twitter:label1\" content=\"Scritto da\" \/>\n\t<meta name=\"twitter:data1\" content=\"Piotr\" \/>\n\t<meta name=\"twitter:label2\" content=\"Tempo di lettura stimato\" \/>\n\t<meta name=\"twitter:data2\" content=\"4 minuti\" \/>\n<script type=\"application\/ld+json\" class=\"yoast-schema-graph\">{\"@context\":\"https:\/\/schema.org\",\"@graph\":[{\"@type\":\"WebSite\",\"@id\":\"https:\/\/circoloculturalesanfrancesco.org\/site\/#website\",\"url\":\"https:\/\/circoloculturalesanfrancesco.org\/site\/\",\"name\":\"\",\"description\":\"\",\"potentialAction\":[{\"@type\":\"SearchAction\",\"target\":{\"@type\":\"EntryPoint\",\"urlTemplate\":\"https:\/\/circoloculturalesanfrancesco.org\/site\/?s={search_term_string}\"},\"query-input\":\"required name=search_term_string\"}],\"inLanguage\":\"it-IT\"},{\"@type\":\"ImageObject\",\"@id\":\"https:\/\/circoloculturalesanfrancesco.org\/e-decollato-infine-il-laboratorio-musicale\/#primaryimage\",\"inLanguage\":\"it-IT\",\"url\":\"https:\/\/circoloculturalesanfrancesco.org\/site\/wp-content\/uploads\/2020\/10\/note-1.jpg\",\"contentUrl\":\"https:\/\/circoloculturalesanfrancesco.org\/site\/wp-content\/uploads\/2020\/10\/note-1.jpg\",\"width\":1600,\"height\":1066},{\"@type\":\"WebPage\",\"@id\":\"https:\/\/circoloculturalesanfrancesco.org\/e-decollato-infine-il-laboratorio-musicale\/#webpage\",\"url\":\"https:\/\/circoloculturalesanfrancesco.org\/e-decollato-infine-il-laboratorio-musicale\/\",\"name\":\"\u00c8 'decollato' anche il Laboratorio musicale -\",\"isPartOf\":{\"@id\":\"https:\/\/circoloculturalesanfrancesco.org\/site\/#website\"},\"primaryImageOfPage\":{\"@id\":\"https:\/\/circoloculturalesanfrancesco.org\/e-decollato-infine-il-laboratorio-musicale\/#primaryimage\"},\"datePublished\":\"2021-10-07T17:54:00+00:00\",\"dateModified\":\"2021-10-19T17:47:54+00:00\",\"author\":{\"@id\":\"https:\/\/circoloculturalesanfrancesco.org\/site\/#\/schema\/person\/ec9b37c96794aad3b808a8c7db69c009\"},\"breadcrumb\":{\"@id\":\"https:\/\/circoloculturalesanfrancesco.org\/e-decollato-infine-il-laboratorio-musicale\/#breadcrumb\"},\"inLanguage\":\"it-IT\",\"potentialAction\":[{\"@type\":\"ReadAction\",\"target\":[\"https:\/\/circoloculturalesanfrancesco.org\/e-decollato-infine-il-laboratorio-musicale\/\"]}]},{\"@type\":\"BreadcrumbList\",\"@id\":\"https:\/\/circoloculturalesanfrancesco.org\/e-decollato-infine-il-laboratorio-musicale\/#breadcrumb\",\"itemListElement\":[{\"@type\":\"ListItem\",\"position\":1,\"name\":\"Home\",\"item\":\"https:\/\/circoloculturalesanfrancesco.org\/site\/\"},{\"@type\":\"ListItem\",\"position\":2,\"name\":\"\u00c8 &#8216;decollato&#8217; anche il Laboratorio musicale\"}]},{\"@type\":\"Person\",\"@id\":\"https:\/\/circoloculturalesanfrancesco.org\/site\/#\/schema\/person\/ec9b37c96794aad3b808a8c7db69c009\",\"name\":\"Piotr\",\"image\":{\"@type\":\"ImageObject\",\"@id\":\"https:\/\/circoloculturalesanfrancesco.org\/site\/#personlogo\",\"inLanguage\":\"it-IT\",\"url\":\"https:\/\/secure.gravatar.com\/avatar\/ef1c1426bb732f8bb24d4826e37a4d15?s=96&d=identicon&r=g\",\"contentUrl\":\"https:\/\/secure.gravatar.com\/avatar\/ef1c1426bb732f8bb24d4826e37a4d15?s=96&d=identicon&r=g\",\"caption\":\"Piotr\"},\"url\":\"https:\/\/circoloculturalesanfrancesco.org\/site\/author\/admin\/\"}]}<\/script>\n<!-- \/ Yoast SEO plugin. -->","yoast_head_json":{"title":"\u00c8 'decollato' anche il Laboratorio musicale -","robots":{"index":"index","follow":"follow","max-snippet":"max-snippet:-1","max-image-preview":"max-image-preview:large","max-video-preview":"max-video-preview:-1"},"canonical":"https:\/\/circoloculturalesanfrancesco.org\/e-decollato-infine-il-laboratorio-musicale\/","og_locale":"it_IT","og_type":"article","og_title":"\u00c8 'decollato' anche il Laboratorio musicale -","og_description":"Nel rispetto delle norme di prevenzione del contagio, mercoled\u00ec 6 ottobre 2021, \u00e8 &#8216;decollato&#8217; anche il Laboratorio musicale, diretto gratuitamente dal M\u00b0 Luigi Cimino, voluto fortemente dal Circolo Culturale San Francesco, aperto generosamente a&#46;&#46;&#46;","og_url":"https:\/\/circoloculturalesanfrancesco.org\/e-decollato-infine-il-laboratorio-musicale\/","article_published_time":"2021-10-07T17:54:00+00:00","article_modified_time":"2021-10-19T17:47:54+00:00","og_image":[{"width":1600,"height":1066,"url":"https:\/\/circoloculturalesanfrancesco.org\/site\/wp-content\/uploads\/2020\/10\/note-1.jpg","type":"image\/jpeg"}],"twitter_misc":{"Scritto da":"Piotr","Tempo di lettura stimato":"4 minuti"},"schema":{"@context":"https:\/\/schema.org","@graph":[{"@type":"WebSite","@id":"https:\/\/circoloculturalesanfrancesco.org\/site\/#website","url":"https:\/\/circoloculturalesanfrancesco.org\/site\/","name":"","description":"","potentialAction":[{"@type":"SearchAction","target":{"@type":"EntryPoint","urlTemplate":"https:\/\/circoloculturalesanfrancesco.org\/site\/?s={search_term_string}"},"query-input":"required name=search_term_string"}],"inLanguage":"it-IT"},{"@type":"ImageObject","@id":"https:\/\/circoloculturalesanfrancesco.org\/e-decollato-infine-il-laboratorio-musicale\/#primaryimage","inLanguage":"it-IT","url":"https:\/\/circoloculturalesanfrancesco.org\/site\/wp-content\/uploads\/2020\/10\/note-1.jpg","contentUrl":"https:\/\/circoloculturalesanfrancesco.org\/site\/wp-content\/uploads\/2020\/10\/note-1.jpg","width":1600,"height":1066},{"@type":"WebPage","@id":"https:\/\/circoloculturalesanfrancesco.org\/e-decollato-infine-il-laboratorio-musicale\/#webpage","url":"https:\/\/circoloculturalesanfrancesco.org\/e-decollato-infine-il-laboratorio-musicale\/","name":"\u00c8 'decollato' anche il Laboratorio musicale -","isPartOf":{"@id":"https:\/\/circoloculturalesanfrancesco.org\/site\/#website"},"primaryImageOfPage":{"@id":"https:\/\/circoloculturalesanfrancesco.org\/e-decollato-infine-il-laboratorio-musicale\/#primaryimage"},"datePublished":"2021-10-07T17:54:00+00:00","dateModified":"2021-10-19T17:47:54+00:00","author":{"@id":"https:\/\/circoloculturalesanfrancesco.org\/site\/#\/schema\/person\/ec9b37c96794aad3b808a8c7db69c009"},"breadcrumb":{"@id":"https:\/\/circoloculturalesanfrancesco.org\/e-decollato-infine-il-laboratorio-musicale\/#breadcrumb"},"inLanguage":"it-IT","potentialAction":[{"@type":"ReadAction","target":["https:\/\/circoloculturalesanfrancesco.org\/e-decollato-infine-il-laboratorio-musicale\/"]}]},{"@type":"BreadcrumbList","@id":"https:\/\/circoloculturalesanfrancesco.org\/e-decollato-infine-il-laboratorio-musicale\/#breadcrumb","itemListElement":[{"@type":"ListItem","position":1,"name":"Home","item":"https:\/\/circoloculturalesanfrancesco.org\/site\/"},{"@type":"ListItem","position":2,"name":"\u00c8 &#8216;decollato&#8217; anche il Laboratorio musicale"}]},{"@type":"Person","@id":"https:\/\/circoloculturalesanfrancesco.org\/site\/#\/schema\/person\/ec9b37c96794aad3b808a8c7db69c009","name":"Piotr","image":{"@type":"ImageObject","@id":"https:\/\/circoloculturalesanfrancesco.org\/site\/#personlogo","inLanguage":"it-IT","url":"https:\/\/secure.gravatar.com\/avatar\/ef1c1426bb732f8bb24d4826e37a4d15?s=96&d=identicon&r=g","contentUrl":"https:\/\/secure.gravatar.com\/avatar\/ef1c1426bb732f8bb24d4826e37a4d15?s=96&d=identicon&r=g","caption":"Piotr"},"url":"https:\/\/circoloculturalesanfrancesco.org\/site\/author\/admin\/"}]}},"_links":{"self":[{"href":"https:\/\/circoloculturalesanfrancesco.org\/site\/wp-json\/wp\/v2\/posts\/6932"}],"collection":[{"href":"https:\/\/circoloculturalesanfrancesco.org\/site\/wp-json\/wp\/v2\/posts"}],"about":[{"href":"https:\/\/circoloculturalesanfrancesco.org\/site\/wp-json\/wp\/v2\/types\/post"}],"author":[{"embeddable":true,"href":"https:\/\/circoloculturalesanfrancesco.org\/site\/wp-json\/wp\/v2\/users\/9"}],"replies":[{"embeddable":true,"href":"https:\/\/circoloculturalesanfrancesco.org\/site\/wp-json\/wp\/v2\/comments?post=6932"}],"version-history":[{"count":3,"href":"https:\/\/circoloculturalesanfrancesco.org\/site\/wp-json\/wp\/v2\/posts\/6932\/revisions"}],"predecessor-version":[{"id":6949,"href":"https:\/\/circoloculturalesanfrancesco.org\/site\/wp-json\/wp\/v2\/posts\/6932\/revisions\/6949"}],"wp:featuredmedia":[{"embeddable":true,"href":"https:\/\/circoloculturalesanfrancesco.org\/site\/wp-json\/wp\/v2\/media\/6565"}],"wp:attachment":[{"href":"https:\/\/circoloculturalesanfrancesco.org\/site\/wp-json\/wp\/v2\/media?parent=6932"}],"wp:term":[{"taxonomy":"category","embeddable":true,"href":"https:\/\/circoloculturalesanfrancesco.org\/site\/wp-json\/wp\/v2\/categories?post=6932"},{"taxonomy":"post_tag","embeddable":true,"href":"https:\/\/circoloculturalesanfrancesco.org\/site\/wp-json\/wp\/v2\/tags?post=6932"}],"curies":[{"name":"wp","href":"https:\/\/api.w.org\/{rel}","templated":true}]}}