{"id":598,"date":"2014-05-25T22:33:54","date_gmt":"2014-05-25T20:33:54","guid":{"rendered":"http:\/\/circoloculturalesanfrancesco.org\/?p=598"},"modified":"2014-06-30T22:20:00","modified_gmt":"2014-06-30T20:20:00","slug":"mo-di-avvisi-di-vita-ecclesiale","status":"publish","type":"post","link":"https:\/\/circoloculturalesanfrancesco.org\/site\/mo-di-avvisi-di-vita-ecclesiale\/","title":{"rendered":"A mo&#8217; di avvisi di vita ecclesiale (25.05\u20141.06.2014)"},"content":{"rendered":"<div class=\"pdfprnt-buttons pdfprnt-buttons-post pdfprnt-top-right\"><a href=\"https:\/\/circoloculturalesanfrancesco.org\/site\/wp-json\/wp\/v2\/posts\/598?print=pdf\" class=\"pdfprnt-button pdfprnt-button-pdf\" target=\"_blank\"><img decoding=\"async\" src=\"https:\/\/circoloculturalesanfrancesco.org\/site\/wp-content\/plugins\/pdf-print\/images\/pdf.png\" alt=\"image_pdf\" title=\"Visualizza PDF\" \/><\/a><a href=\"https:\/\/circoloculturalesanfrancesco.org\/site\/wp-json\/wp\/v2\/posts\/598?print=print\" class=\"pdfprnt-button pdfprnt-button-print\" target=\"_blank\"><img decoding=\"async\" src=\"https:\/\/circoloculturalesanfrancesco.org\/site\/wp-content\/plugins\/pdf-print\/images\/print.png\" alt=\"image_print\" title=\"Stampa contenuto\" \/><\/a><\/div><h1 align=\"center\"><\/h1>\n<p>\u25cf <strong>25.05<\/strong>: 2<sup>\u00aa<\/sup> tappa per lo storico viaggio di <strong>Papa Francesco in Terra Santa <\/strong>(ore 11: Messa nella Piazza della Mangiatoia di Bethlehem; ore 18.15: incontro privato con il Patriarca ecumenico di Costantinopoli Bartolomeo I nella Delegazione apostolica a\u00a0Jerusalem e firma di una dichiarazione congiunta; ore 19: celebrazione ecumenica in occasione del 50\u00b0 anniversario dell\u2019incontro tra\u00a0Paolo VI e Atenagora nella basilica del Santo Sepolcro). \u2013 <strong>1\u00aa\u00a0Comunione <\/strong>dei ragazzi del 1<sup>o<\/sup> gruppo, accompagnati dai loro catechisti, genitori e padrini (ore 10). \u2013 <strong>Concerto<\/strong><b> <\/b>\u00abIl mio canto libero\u00bb a cura dell\u2019Accademia Musicale Fryderyk Chopin di Sellia Marina, con solisti e Schola Cantorum \u00abSanta Cecilia\u00bb, diretto dal M<sup>o<\/sup> Elvira Mirabelli (ore 19)<\/p>\n<p>Durante la settimana abbiamo anche questi eventi e ricorrenze:<\/p>\n<p>\u2500 luned\u00ec <strong>26.05<\/strong>: s. <b>Filippo Neri<\/b> (\u2020 1595), sacerdote, apostolo della giovent\u00f9 romana, fondatore dell\u2019Oratorio. \u2013\u00a02<sup>\u00aa<\/sup> tappa del viaggio apostolico di <b>Papa Francesco in Terra Santa<\/b>: Jerusalem.\u00a0\u2013\u00a0<strong>Laboratorio di giornalismo <\/strong>presso il Circolo Culturale San Francesco (ore 19)<\/p>\n<p>\u2500 marted\u00ec <strong>27.05<\/strong>: <strong>5\u00b0<sup>\u00a0<\/sup>incontro degli operatori pastorali<\/strong>, promosso all\u2019Arcidiocesi di Catanzaro\u2013Squillace, sul tema \u00abCatechesi e \u201cnew media\u201d\u00bb presso la Parrocchia S. Massimiliano Kolbe (ore 18 [relatori: sac. Giovanni Scarpino e sac. Luigi Corapi]); <strong>Laboratorio musicale<\/strong> a cura del Circolo Culturale San Francesco (ore 18.45)<\/p>\n<p>\u2500 gioved\u00ec <strong>29\/05<\/strong>: amministrazione del <b>Sacramento della Confermazione<\/b> da parte dell\u2019Arcivescovo Vincenzo Bertolone (ore 18.30)<\/p>\n<p>\u2500 venerd\u00ec <strong>30.05<\/strong>: <strong>incontro\u2013dibattito\u00a0sull&#8217;esperienza\u00a0dei testimoni di giustizia e costruttori di pace<\/strong>\u00a0nell\u2019Auditorium Casalinuovo di Catanzaro (ore 17.30 [intervengono: Pino Masciari \u2013 imprenditore edile calabrese, testimone di giustizia; Maisa Manzini \u2013 sostituto procuratore presso la Procura Generale della Repubblica di Catanzaro; arcivescovo Vincenzo Bertolone; modera: Ture Magro \u2013 attore e fondatore della compagna \u00abSciaraProgetti\u00bb])<\/p>\n<p>\u2500 sabato <b>31\/05<\/b>: festa della <b>Visitazione della B. V. Maria<\/b>; inizio della <strong>Tredicina <\/strong>in preparazione alla festa di s. Antonio di Padova (ore 18 [animazione della Tredicina e della s. Messa delle ore 18.30 a cura dall\u2019OFS, Araldini e Gi.Fra., insieme alle altre realt\u00e0 associative parrocchiali]) <b><\/b><\/p>\n<p>\u25cf Domenica <strong>1.06<\/strong>:<b> <\/b>solennit\u00e0 dell\u2019<strong>Ascensione del Nostro Signore<\/strong>; <strong>48\u00aa\u00a0Giornata Mondiale delle Comunicazioni Sociali <\/strong>sul tema: \u00ab<strong>Comunicazione al servizio di un&#8217;autentica cultura dell&#8217;incontro\u00bb<\/strong>, titolo del messaggio di Papa Francesco dedicato a questa Giornata. I giorni dopo l\u2019Ascensione, fino al sabato prima di Pentecoste, preparano alla venuta dello Spirito Santo: \u00e8 questa la novena liturgica di preparazione. Giugno \u00e8 il mese dedicato al<b> <\/b><b>Sacro Cuore <\/b>di Ges\u00f9. Con gioia accogliamo l&#8217;invito della Chiesa ad onorare quel Cuore che \u00e8 per noi segno dell&#8217;amore di Dio, della sua tenerezza, della sua misericordia, della sua bont\u00e0\u2026<\/p>\n<p><i>Cari Amici<\/i>, ancora un <strong>vivido augurio di pace<\/strong> per la prossima settimana. Nel brano del Vangelo l\u2019apostolo Giovanni ci ricorda le parole di Ges\u00f9 con cui ci raccomanda di invocare lo Spirito Santo, Consolatore o Par\u00e0clito, che non solo ci consola, ma anche ci rende capaci di consolare a nostra volta <b>gli altri<\/b> (cfr. Gv 14, 15-17) Se \u00e8 vero che il cristiano deve essere \u201cun altro Cristo\u201d, \u00e8 altrettanto vero che deve essere un \u201caltro Paraclito\u201d. Ecco perch\u00e9 una preghiera, attribuita a s. <strong>Francesco d&#8217;Assisi<\/strong>, dice: \u00abChe io non cerchi tanto di essere consolato, quanto di <b>consolare<\/b>; di essere compreso, quanto di <b>comprendere<\/b>, di essere amato, quanto di <b>amare<\/b>&#8230;\u00bb. Non dimentichiamo mai queste parole; esse siano l\u2019\u00e0ncora di salvezza delle nostre vite, cos\u00ec esposte a tanti pericoli, sofferenze e delusioni. \u00abVi incoraggio a collaborare, col vostro impegno e la vostra sensibilit\u00e0, alla costruzione dell\u2019<strong>Europa<\/strong> rispettosa dei pi\u00f9 deboli, dei malati, dei bambini, degli anziani. Pur nelle difficolt\u00e0 della vita, siate segno di speranza. Voi siete nel cuore di Dio\u00bb (Papa Francesco).<\/p>\n","protected":false},"excerpt":{"rendered":"<p>\u25cf 25.05: 2\u00aa tappa per lo storico viaggio di Papa Francesco in Terra Santa (ore 11: Messa nella Piazza della Mangiatoia di Bethlehem; ore 18.15: incontro privato con il Patriarca ecumenico di Costantinopoli Bartolomeo&#46;&#46;&#46;<\/p>\n","protected":false},"author":8,"featured_media":599,"comment_status":"open","ping_status":"closed","sticky":false,"template":"","format":"standard","meta":{"ngg_post_thumbnail":0,"footnotes":""},"categories":[32],"tags":[],"yoast_head":"<!-- This site is optimized with the Yoast SEO plugin v18.3 - https:\/\/yoast.com\/wordpress\/plugins\/seo\/ -->\n<title>A mo&#039; di avvisi di vita ecclesiale (25.05\u20141.06.2014) -<\/title>\n<meta name=\"robots\" content=\"index, follow, max-snippet:-1, max-image-preview:large, max-video-preview:-1\" \/>\n<link rel=\"canonical\" href=\"https:\/\/circoloculturalesanfrancesco.org\/mo-di-avvisi-di-vita-ecclesiale\/\" \/>\n<meta property=\"og:locale\" content=\"it_IT\" \/>\n<meta property=\"og:type\" content=\"article\" \/>\n<meta property=\"og:title\" content=\"A mo&#039; di avvisi di vita ecclesiale (25.05\u20141.06.2014) -\" \/>\n<meta property=\"og:description\" content=\"\u25cf 25.05: 2\u00aa tappa per lo storico viaggio di Papa Francesco in Terra Santa (ore 11: Messa nella Piazza della Mangiatoia di Bethlehem; ore 18.15: incontro privato con il Patriarca ecumenico di Costantinopoli Bartolomeo&#046;&#046;&#046;\" \/>\n<meta property=\"og:url\" content=\"https:\/\/circoloculturalesanfrancesco.org\/mo-di-avvisi-di-vita-ecclesiale\/\" \/>\n<meta property=\"article:author\" content=\"https:\/\/www.facebook.com\/circoloculturalesanfrancescocatanzaro\/\" \/>\n<meta property=\"article:published_time\" content=\"2014-05-25T20:33:54+00:00\" \/>\n<meta property=\"article:modified_time\" content=\"2014-06-30T20:20:00+00:00\" \/>\n<meta property=\"og:image\" content=\"https:\/\/circoloculturalesanfrancesco.org\/site\/wp-content\/uploads\/2014\/05\/Francesco-e-Bartolomeo-al-Santo-Sepolcro-387x250.png\" \/>\n\t<meta property=\"og:image:width\" content=\"387\" \/>\n\t<meta property=\"og:image:height\" content=\"250\" \/>\n\t<meta property=\"og:image:type\" content=\"image\/png\" \/>\n<meta name=\"twitter:label1\" content=\"Scritto da\" \/>\n\t<meta name=\"twitter:data1\" content=\"admin\" \/>\n\t<meta name=\"twitter:label2\" content=\"Tempo di lettura stimato\" \/>\n\t<meta name=\"twitter:data2\" content=\"3 minuti\" \/>\n<script type=\"application\/ld+json\" class=\"yoast-schema-graph\">{\"@context\":\"https:\/\/schema.org\",\"@graph\":[{\"@type\":\"WebSite\",\"@id\":\"https:\/\/circoloculturalesanfrancesco.org\/site\/#website\",\"url\":\"https:\/\/circoloculturalesanfrancesco.org\/site\/\",\"name\":\"\",\"description\":\"\",\"potentialAction\":[{\"@type\":\"SearchAction\",\"target\":{\"@type\":\"EntryPoint\",\"urlTemplate\":\"https:\/\/circoloculturalesanfrancesco.org\/site\/?s={search_term_string}\"},\"query-input\":\"required name=search_term_string\"}],\"inLanguage\":\"it-IT\"},{\"@type\":\"ImageObject\",\"@id\":\"https:\/\/circoloculturalesanfrancesco.org\/mo-di-avvisi-di-vita-ecclesiale\/#primaryimage\",\"inLanguage\":\"it-IT\",\"url\":\"https:\/\/circoloculturalesanfrancesco.org\/site\/wp-content\/uploads\/2014\/05\/Francesco-e-Bartolomeo-al-Santo-Sepolcro-387x250.png\",\"contentUrl\":\"https:\/\/circoloculturalesanfrancesco.org\/site\/wp-content\/uploads\/2014\/05\/Francesco-e-Bartolomeo-al-Santo-Sepolcro-387x250.png\",\"width\":387,\"height\":250},{\"@type\":\"WebPage\",\"@id\":\"https:\/\/circoloculturalesanfrancesco.org\/mo-di-avvisi-di-vita-ecclesiale\/#webpage\",\"url\":\"https:\/\/circoloculturalesanfrancesco.org\/mo-di-avvisi-di-vita-ecclesiale\/\",\"name\":\"A mo' di avvisi di vita ecclesiale (25.05\u20141.06.2014) -\",\"isPartOf\":{\"@id\":\"https:\/\/circoloculturalesanfrancesco.org\/site\/#website\"},\"primaryImageOfPage\":{\"@id\":\"https:\/\/circoloculturalesanfrancesco.org\/mo-di-avvisi-di-vita-ecclesiale\/#primaryimage\"},\"datePublished\":\"2014-05-25T20:33:54+00:00\",\"dateModified\":\"2014-06-30T20:20:00+00:00\",\"author\":{\"@id\":\"https:\/\/circoloculturalesanfrancesco.org\/site\/#\/schema\/person\/aaf2eff003877a067bad8f35656b0ec2\"},\"breadcrumb\":{\"@id\":\"https:\/\/circoloculturalesanfrancesco.org\/mo-di-avvisi-di-vita-ecclesiale\/#breadcrumb\"},\"inLanguage\":\"it-IT\",\"potentialAction\":[{\"@type\":\"ReadAction\",\"target\":[\"https:\/\/circoloculturalesanfrancesco.org\/mo-di-avvisi-di-vita-ecclesiale\/\"]}]},{\"@type\":\"BreadcrumbList\",\"@id\":\"https:\/\/circoloculturalesanfrancesco.org\/mo-di-avvisi-di-vita-ecclesiale\/#breadcrumb\",\"itemListElement\":[{\"@type\":\"ListItem\",\"position\":1,\"name\":\"Home\",\"item\":\"https:\/\/circoloculturalesanfrancesco.org\/site\/\"},{\"@type\":\"ListItem\",\"position\":2,\"name\":\"A mo&#8217; di avvisi di vita ecclesiale (25.05\u20141.06.2014)\"}]},{\"@type\":\"Person\",\"@id\":\"https:\/\/circoloculturalesanfrancesco.org\/site\/#\/schema\/person\/aaf2eff003877a067bad8f35656b0ec2\",\"name\":\"admin\",\"image\":{\"@type\":\"ImageObject\",\"@id\":\"https:\/\/circoloculturalesanfrancesco.org\/site\/#personlogo\",\"inLanguage\":\"it-IT\",\"url\":\"https:\/\/secure.gravatar.com\/avatar\/4c528ef69a5e20c241fb0d2a3863e2fd?s=96&d=identicon&r=g\",\"contentUrl\":\"https:\/\/secure.gravatar.com\/avatar\/4c528ef69a5e20c241fb0d2a3863e2fd?s=96&d=identicon&r=g\",\"caption\":\"admin\"},\"sameAs\":[\"http:\/\/www.circoloculturalesanfrancesco.org\",\"https:\/\/www.facebook.com\/circoloculturalesanfrancescocatanzaro\/\"],\"url\":\"https:\/\/circoloculturalesanfrancesco.org\/site\/author\/panzulewicz\/\"}]}<\/script>\n<!-- \/ Yoast SEO plugin. -->","yoast_head_json":{"title":"A mo' di avvisi di vita ecclesiale (25.05\u20141.06.2014) -","robots":{"index":"index","follow":"follow","max-snippet":"max-snippet:-1","max-image-preview":"max-image-preview:large","max-video-preview":"max-video-preview:-1"},"canonical":"https:\/\/circoloculturalesanfrancesco.org\/mo-di-avvisi-di-vita-ecclesiale\/","og_locale":"it_IT","og_type":"article","og_title":"A mo' di avvisi di vita ecclesiale (25.05\u20141.06.2014) -","og_description":"\u25cf 25.05: 2\u00aa tappa per lo storico viaggio di Papa Francesco in Terra Santa (ore 11: Messa nella Piazza della Mangiatoia di Bethlehem; ore 18.15: incontro privato con il Patriarca ecumenico di Costantinopoli Bartolomeo&#46;&#46;&#46;","og_url":"https:\/\/circoloculturalesanfrancesco.org\/mo-di-avvisi-di-vita-ecclesiale\/","article_author":"https:\/\/www.facebook.com\/circoloculturalesanfrancescocatanzaro\/","article_published_time":"2014-05-25T20:33:54+00:00","article_modified_time":"2014-06-30T20:20:00+00:00","og_image":[{"width":387,"height":250,"url":"https:\/\/circoloculturalesanfrancesco.org\/site\/wp-content\/uploads\/2014\/05\/Francesco-e-Bartolomeo-al-Santo-Sepolcro-387x250.png","type":"image\/png"}],"twitter_misc":{"Scritto da":"admin","Tempo di lettura stimato":"3 minuti"},"schema":{"@context":"https:\/\/schema.org","@graph":[{"@type":"WebSite","@id":"https:\/\/circoloculturalesanfrancesco.org\/site\/#website","url":"https:\/\/circoloculturalesanfrancesco.org\/site\/","name":"","description":"","potentialAction":[{"@type":"SearchAction","target":{"@type":"EntryPoint","urlTemplate":"https:\/\/circoloculturalesanfrancesco.org\/site\/?s={search_term_string}"},"query-input":"required name=search_term_string"}],"inLanguage":"it-IT"},{"@type":"ImageObject","@id":"https:\/\/circoloculturalesanfrancesco.org\/mo-di-avvisi-di-vita-ecclesiale\/#primaryimage","inLanguage":"it-IT","url":"https:\/\/circoloculturalesanfrancesco.org\/site\/wp-content\/uploads\/2014\/05\/Francesco-e-Bartolomeo-al-Santo-Sepolcro-387x250.png","contentUrl":"https:\/\/circoloculturalesanfrancesco.org\/site\/wp-content\/uploads\/2014\/05\/Francesco-e-Bartolomeo-al-Santo-Sepolcro-387x250.png","width":387,"height":250},{"@type":"WebPage","@id":"https:\/\/circoloculturalesanfrancesco.org\/mo-di-avvisi-di-vita-ecclesiale\/#webpage","url":"https:\/\/circoloculturalesanfrancesco.org\/mo-di-avvisi-di-vita-ecclesiale\/","name":"A mo' di avvisi di vita ecclesiale (25.05\u20141.06.2014) -","isPartOf":{"@id":"https:\/\/circoloculturalesanfrancesco.org\/site\/#website"},"primaryImageOfPage":{"@id":"https:\/\/circoloculturalesanfrancesco.org\/mo-di-avvisi-di-vita-ecclesiale\/#primaryimage"},"datePublished":"2014-05-25T20:33:54+00:00","dateModified":"2014-06-30T20:20:00+00:00","author":{"@id":"https:\/\/circoloculturalesanfrancesco.org\/site\/#\/schema\/person\/aaf2eff003877a067bad8f35656b0ec2"},"breadcrumb":{"@id":"https:\/\/circoloculturalesanfrancesco.org\/mo-di-avvisi-di-vita-ecclesiale\/#breadcrumb"},"inLanguage":"it-IT","potentialAction":[{"@type":"ReadAction","target":["https:\/\/circoloculturalesanfrancesco.org\/mo-di-avvisi-di-vita-ecclesiale\/"]}]},{"@type":"BreadcrumbList","@id":"https:\/\/circoloculturalesanfrancesco.org\/mo-di-avvisi-di-vita-ecclesiale\/#breadcrumb","itemListElement":[{"@type":"ListItem","position":1,"name":"Home","item":"https:\/\/circoloculturalesanfrancesco.org\/site\/"},{"@type":"ListItem","position":2,"name":"A mo&#8217; di avvisi di vita ecclesiale (25.05\u20141.06.2014)"}]},{"@type":"Person","@id":"https:\/\/circoloculturalesanfrancesco.org\/site\/#\/schema\/person\/aaf2eff003877a067bad8f35656b0ec2","name":"admin","image":{"@type":"ImageObject","@id":"https:\/\/circoloculturalesanfrancesco.org\/site\/#personlogo","inLanguage":"it-IT","url":"https:\/\/secure.gravatar.com\/avatar\/4c528ef69a5e20c241fb0d2a3863e2fd?s=96&d=identicon&r=g","contentUrl":"https:\/\/secure.gravatar.com\/avatar\/4c528ef69a5e20c241fb0d2a3863e2fd?s=96&d=identicon&r=g","caption":"admin"},"sameAs":["http:\/\/www.circoloculturalesanfrancesco.org","https:\/\/www.facebook.com\/circoloculturalesanfrancescocatanzaro\/"],"url":"https:\/\/circoloculturalesanfrancesco.org\/site\/author\/panzulewicz\/"}]}},"_links":{"self":[{"href":"https:\/\/circoloculturalesanfrancesco.org\/site\/wp-json\/wp\/v2\/posts\/598"}],"collection":[{"href":"https:\/\/circoloculturalesanfrancesco.org\/site\/wp-json\/wp\/v2\/posts"}],"about":[{"href":"https:\/\/circoloculturalesanfrancesco.org\/site\/wp-json\/wp\/v2\/types\/post"}],"author":[{"embeddable":true,"href":"https:\/\/circoloculturalesanfrancesco.org\/site\/wp-json\/wp\/v2\/users\/8"}],"replies":[{"embeddable":true,"href":"https:\/\/circoloculturalesanfrancesco.org\/site\/wp-json\/wp\/v2\/comments?post=598"}],"version-history":[{"count":9,"href":"https:\/\/circoloculturalesanfrancesco.org\/site\/wp-json\/wp\/v2\/posts\/598\/revisions"}],"predecessor-version":[{"id":616,"href":"https:\/\/circoloculturalesanfrancesco.org\/site\/wp-json\/wp\/v2\/posts\/598\/revisions\/616"}],"wp:featuredmedia":[{"embeddable":true,"href":"https:\/\/circoloculturalesanfrancesco.org\/site\/wp-json\/wp\/v2\/media\/599"}],"wp:attachment":[{"href":"https:\/\/circoloculturalesanfrancesco.org\/site\/wp-json\/wp\/v2\/media?parent=598"}],"wp:term":[{"taxonomy":"category","embeddable":true,"href":"https:\/\/circoloculturalesanfrancesco.org\/site\/wp-json\/wp\/v2\/categories?post=598"},{"taxonomy":"post_tag","embeddable":true,"href":"https:\/\/circoloculturalesanfrancesco.org\/site\/wp-json\/wp\/v2\/tags?post=598"}],"curies":[{"name":"wp","href":"https:\/\/api.w.org\/{rel}","templated":true}]}}