{"id":4112,"date":"2017-04-25T07:17:13","date_gmt":"2017-04-25T05:17:13","guid":{"rendered":"http:\/\/circoloculturalesanfrancesco.org\/?p=4112"},"modified":"2017-04-25T11:15:53","modified_gmt":"2017-04-25T09:15:53","slug":"comunicare-con-il-cuore","status":"publish","type":"post","link":"https:\/\/circoloculturalesanfrancesco.org\/site\/comunicare-con-il-cuore\/","title":{"rendered":"Comunicare con il cuore&#8230;"},"content":{"rendered":"<div class=\"pdfprnt-buttons pdfprnt-buttons-post pdfprnt-top-right\"><a href=\"https:\/\/circoloculturalesanfrancesco.org\/site\/wp-json\/wp\/v2\/posts\/4112?print=pdf\" class=\"pdfprnt-button pdfprnt-button-pdf\" target=\"_blank\"><img decoding=\"async\" src=\"https:\/\/circoloculturalesanfrancesco.org\/site\/wp-content\/plugins\/pdf-print\/images\/pdf.png\" alt=\"image_pdf\" title=\"Visualizza PDF\" \/><\/a><a href=\"https:\/\/circoloculturalesanfrancesco.org\/site\/wp-json\/wp\/v2\/posts\/4112?print=print\" class=\"pdfprnt-button pdfprnt-button-print\" target=\"_blank\"><img decoding=\"async\" src=\"https:\/\/circoloculturalesanfrancesco.org\/site\/wp-content\/plugins\/pdf-print\/images\/print.png\" alt=\"image_print\" title=\"Stampa contenuto\" \/><\/a><\/div><p style=\"text-align: justify;\"><a href=\"https:\/\/circoloculturalesanfrancesco.org\/site\/wp-content\/uploads\/2017\/03\/7\u00aa-Serata-conviviale-IV-Il-\u00abno\u00bb-allingiustizia...-Volantino.jpg\"><img loading=\"lazy\" decoding=\"async\" class=\"alignright wp-image-4058 size-medium\" src=\"https:\/\/circoloculturalesanfrancesco.org\/site\/wp-content\/uploads\/2017\/03\/7\u00aa-Serata-conviviale-IV-Il-\u00abno\u00bb-allingiustizia...-Volantino-212x300.jpg\" alt=\"\" width=\"212\" height=\"300\" srcset=\"https:\/\/circoloculturalesanfrancesco.org\/site\/wp-content\/uploads\/2017\/03\/7\u00aa-Serata-conviviale-IV-Il-\u00abno\u00bb-allingiustizia...-Volantino-212x300.jpg 212w, https:\/\/circoloculturalesanfrancesco.org\/site\/wp-content\/uploads\/2017\/03\/7\u00aa-Serata-conviviale-IV-Il-\u00abno\u00bb-allingiustizia...-Volantino-768x1086.jpg 768w, https:\/\/circoloculturalesanfrancesco.org\/site\/wp-content\/uploads\/2017\/03\/7\u00aa-Serata-conviviale-IV-Il-\u00abno\u00bb-allingiustizia...-Volantino-724x1024.jpg 724w, https:\/\/circoloculturalesanfrancesco.org\/site\/wp-content\/uploads\/2017\/03\/7\u00aa-Serata-conviviale-IV-Il-\u00abno\u00bb-allingiustizia...-Volantino-71x100.jpg 71w, https:\/\/circoloculturalesanfrancesco.org\/site\/wp-content\/uploads\/2017\/03\/7\u00aa-Serata-conviviale-IV-Il-\u00abno\u00bb-allingiustizia...-Volantino-54x77.jpg 54w\" sizes=\"(max-width: 212px) 100vw, 212px\" \/><\/a>Serata vivace, quella di venerd\u00ec 21 aprile, la 7\u00aa della 4\u00aa edizione del <em>Wiki<\/em>Circolo, l&#8217;86\u00aa di seguito tra quelle cinematografiche e quelle conviviali, dal tema: \u00abIl &#8216;no&#8217; all&#8217;ingiustizia sociale e il &#8216;s\u00ec&#8217; alla solidariet\u00e0 intergenerazionale\u00bb. L&#8217;imprevista assenza del relatore, il dott. Giuseppe Perri, giudice alla Corte d&#8217;Appello di Catanzaro, per motivi inderogabili, ha comportato un lieve ritocco al <a href=\"https:\/\/circoloculturalesanfrancesco.org\/site\/event\/no-allingiustizia-sociale-si-alla-solidarieta-intragenerazionale-7a-serata-conviviale-86\/\">programma<\/a> dell&#8217;evento. Ne hanno subito informato sia la dott.ssa Teresa Cona, segretaria del Circolo, che l&#8217;avv. Pino Frontera, curatore principale dell&#8217;edizione. Tutto per\u00f2 \u00e8 filato liscio, a gonfie vele, per il meglio. Il sostituto dott. <strong>Bonaventura Bevilacqua<\/strong>, imprenditore, ricercatore, antropologo, ha galvanizzato l&#8217;uditorio. Partendo dal video sulla creazione del mondo, proiettato da Ghenadi all&#8217;inizio, e dai brani dell&#8217;enciclica <em>Laudato si&#8217;<\/em> (n. 159.162), letti dall&#8217;insegnante Sebastiana Piccione e commentati da Piotr Anzulewicz OFMConv, ha voluto far riflettere sulle relazioni <a href=\"https:\/\/circoloculturalesanfrancesco.org\/site\/wp-content\/uploads\/2017\/04\/images-1.jpg\"><img loading=\"lazy\" decoding=\"async\" class=\"alignleft size-full wp-image-4115\" src=\"https:\/\/circoloculturalesanfrancesco.org\/site\/wp-content\/uploads\/2017\/04\/images-1.jpg\" alt=\"\" width=\"260\" height=\"194\" srcset=\"https:\/\/circoloculturalesanfrancesco.org\/site\/wp-content\/uploads\/2017\/04\/images-1.jpg 260w, https:\/\/circoloculturalesanfrancesco.org\/site\/wp-content\/uploads\/2017\/04\/images-1-100x75.jpg 100w, https:\/\/circoloculturalesanfrancesco.org\/site\/wp-content\/uploads\/2017\/04\/images-1-103x77.jpg 103w\" sizes=\"(max-width: 260px) 100vw, 260px\" \/><\/a>tra gli uomini, quelle umanizzanti, sane, inclusive, e sull&#8217;importanza di <strong>comunicare dal cuore e con il cuore<\/strong>, sede dei sentimenti e delle emozioni, per arrivare al cuore dell&#8217;altro. Questo significa aprirsi sinceramente alla cultura del dialogo, dell&#8217;uguaglianza, della \u00absolidariet\u00e0 intergenerazionale e intragenerazionale\u00bb (<em>ivi<\/em>, n. 162), ed entrare in una dimensione relazionale vera, autentica, profondamente gratificante, alla base della quale ci sono sentimenti importanti come la fiducia, la tolleranza, l&#8217;empatia, l&#8217;amore e il rispetto per l&#8217;altro. Tutto questo \u00e8 <strong>intelligenza emotiva<\/strong>. Ed \u00e8 quello che serve per creare sintonia comunicativa, cultura del dialogo, simmetria relazionale, convergenza sugli obiettivi e, in ultima analisi, un risultato finale reciprocamente soddisfacente, che consente ad entrambi di vincere e di sentirsi bene. A pensarci bene non ci sono alternative.<\/p>\n<p style=\"text-align: justify;\">Il problema \u00e8 che in un mondo, in cui serpeggia il morbo dell&#8217;autoreferenzialit\u00e0 e dell&#8217;autosufficienza, del dominio e dell&#8217;ingiustizia, nessuno ci ha educati a comunicare con il cuore e insegnato ad acquisire questa fondamentale competenza di vita, indispensabile per sentirsi bene in connessione con l&#8217;altro in qualsiasi contesto e ambiente. E la maggior parte di noi non ha purtroppo avuto buoni maestri n\u00e9 in famiglia n\u00e9 tanto meno a scuola, ed \u00e8 per questo che oggi risulta difficile operare una conversione relazionale o un&#8217;inversione di tendenza <a href=\"https:\/\/circoloculturalesanfrancesco.org\/site\/wp-content\/uploads\/2017\/04\/download-1.jpg\"><img loading=\"lazy\" decoding=\"async\" class=\"alignleft wp-image-4116 size-thumbnail\" src=\"https:\/\/circoloculturalesanfrancesco.org\/site\/wp-content\/uploads\/2017\/04\/download-1-150x150.jpg\" alt=\"\" width=\"150\" height=\"150\" srcset=\"https:\/\/circoloculturalesanfrancesco.org\/site\/wp-content\/uploads\/2017\/04\/download-1-150x150.jpg 150w, https:\/\/circoloculturalesanfrancesco.org\/site\/wp-content\/uploads\/2017\/04\/download-1-66x66.jpg 66w\" sizes=\"(max-width: 150px) 100vw, 150px\" \/><\/a>che richiede coraggio, flessibilit\u00e0, capacit\u00e0 di mettersi in gioco. Frate Francesco d&#8217;Assisi nel suo <em>Testamento<\/em> fa memoria della sua conversione non come evento morale, ma, appunto, come <strong>conversione relazionale<\/strong> che fa nascere una nuova identit\u00e0: non pi\u00f9 quella del cavaliere\/mercante, ma del fratello, passando dal \u00abtu mi servi\u00bb al \u00abcome posso servirti?\u00bb. Conversione relazionale vuol dire allora \u201c<strong>essere con l\u2019altro<\/strong>\u201d, prendersi cura dell&#8217;altro, appassionarsi all&#8217;altro, promuovere il suo ben esserci, consentire a lui di mostrare le sue \u00abpiaghe\u00bb, accogliere quello che dice di s\u00e9, interpretare le sue differenti necessit\u00e0, senza mai essere remissivi..<\/p>\n<p style=\"text-align: justify;\"><a href=\"https:\/\/circoloculturalesanfrancesco.org\/site\/wp-content\/uploads\/2017\/04\/download-3.jpg\"><img loading=\"lazy\" decoding=\"async\" class=\"size-full wp-image-4138 alignright\" src=\"https:\/\/circoloculturalesanfrancesco.org\/site\/wp-content\/uploads\/2017\/04\/download-3.jpg\" alt=\"\" width=\"179\" height=\"282\" srcset=\"https:\/\/circoloculturalesanfrancesco.org\/site\/wp-content\/uploads\/2017\/04\/download-3.jpg 179w, https:\/\/circoloculturalesanfrancesco.org\/site\/wp-content\/uploads\/2017\/04\/download-3-63x100.jpg 63w, https:\/\/circoloculturalesanfrancesco.org\/site\/wp-content\/uploads\/2017\/04\/download-3-49x77.jpg 49w\" sizes=\"(max-width: 179px) 100vw, 179px\" \/><\/a>Comunque, per dare una forma migliore al nostro essere per gli altri, \u00e8 necessario educare il nostro cuore in modo che sia il \u00abcuore di carne\u00bb o il \u00abcuore intelligente\u00bb (Sir 36,21) e non il \u00abcuore di pietra\u00bb (Ez 11,19; 36,26). Il Bevilacqua, nel corso della sua illuminante riflessione, si \u00e8 servito, pur non facendo riferimento al Vecchio Testamento, di questa bellissima espressione biblica: \u00abcuore intelligente\u00bb. Esso, secondo le ultime ricerche scientifiche, contiene una certa quantit\u00e0 di cellule neuronali che lo rendono capace di interagire con il cervello determinando comportamenti su base emotiva e addirittura relegando il cervello in una posizione di sudditanza.<\/p>\n<p style=\"text-align: justify;\">Ci\u00f2 che oggi ci minaccia \u2212 afferma Alain Finkielkraut, filosofo e giornalista francese, autore della raccolta di saggi consacrati alla letteratura <em>Un coeur intelligent<\/em>\u00a0(Adelphi, 2011) \u2212 non \u00e8 n\u00e9 l&#8217;assenza totale di intelligenza n\u00e9 quella di cuore, ma il fatto che queste due facolt\u00e0 si ignorano reciprocamente. Ecco allora <strong>un invito a svincolarci da molteplici trappole<\/strong>, della ragione e del sentimento, per lasciarci <strong>educare alla \u00abperspicacia affettiva\u00bb<\/strong>. Solo cos\u00ec ci verr\u00e0 concesso quel \u00ab<strong>cuore intelligente<\/strong>\u00bb che re Salomone invocava dall&#8217;Eterno, stimandolo pi\u00f9 prezioso di ogni altro bene.<\/p>\n<p style=\"text-align: justify;\">La Serata \u00e8 stata molto piacevole, con i dolci e la pizza offerti dal Circolo a conclusione, anch&#8217;essi utili per star bene con se stessi, con gli altri e con il creato, e comunicare con il cuore.<\/p>\n<p style=\"text-align: right;\"><em>Piotr Anzulewicz OFMConv<\/em><\/p>\n\n\t\t<style>\n\t\t\t#gallery-1 {\n\t\t\t\tmargin: auto;\n\t\t\t}\n\t\t\t#gallery-1 .gallery-item {\n\t\t\t\tfloat: left;\n\t\t\t\tmargin-top: 10px;\n\t\t\t\ttext-align: center;\n\t\t\t\twidth: 50%;\n\t\t\t}\n\t\t\t#gallery-1 img {\n\t\t\t\tborder: 2px solid #cfcfcf;\n\t\t\t}\n\t\t\t#gallery-1 .gallery-caption {\n\t\t\t\tmargin-left: 0;\n\t\t\t}\n\t\t\t\/* see gallery_shortcode() in wp-includes\/media.php *\/\n\t\t<\/style>\n\t\t<div id='gallery-1' class='gallery galleryid-4112 gallery-columns-2 gallery-size-medium'><dl class='gallery-item'>\n\t\t\t<dt class='gallery-icon landscape'>\n\t\t\t\t<a href='https:\/\/circoloculturalesanfrancesco.org\/site\/comunicare-con-il-cuore\/img_1930\/'><img loading=\"lazy\" decoding=\"async\" width=\"300\" height=\"225\" src=\"https:\/\/circoloculturalesanfrancesco.org\/site\/wp-content\/uploads\/2017\/04\/IMG_1930-e1493096918335-300x225.jpg\" class=\"attachment-medium size-medium no-lazy\" alt=\"\" srcset=\"https:\/\/circoloculturalesanfrancesco.org\/site\/wp-content\/uploads\/2017\/04\/IMG_1930-e1493096918335-300x225.jpg 300w, https:\/\/circoloculturalesanfrancesco.org\/site\/wp-content\/uploads\/2017\/04\/IMG_1930-e1493096918335-768x576.jpg 768w, https:\/\/circoloculturalesanfrancesco.org\/site\/wp-content\/uploads\/2017\/04\/IMG_1930-e1493096918335-1024x768.jpg 1024w, https:\/\/circoloculturalesanfrancesco.org\/site\/wp-content\/uploads\/2017\/04\/IMG_1930-e1493096918335-100x75.jpg 100w, https:\/\/circoloculturalesanfrancesco.org\/site\/wp-content\/uploads\/2017\/04\/IMG_1930-e1493096918335-103x77.jpg 103w\" sizes=\"(max-width: 300px) 100vw, 300px\" \/><\/a>\n\t\t\t<\/dt><\/dl><dl class='gallery-item'>\n\t\t\t<dt class='gallery-icon landscape'>\n\t\t\t\t<a href='https:\/\/circoloculturalesanfrancesco.org\/site\/comunicare-con-il-cuore\/img_1877\/'><img loading=\"lazy\" decoding=\"async\" width=\"300\" height=\"225\" src=\"https:\/\/circoloculturalesanfrancesco.org\/site\/wp-content\/uploads\/2017\/04\/IMG_1877-300x225.jpg\" class=\"attachment-medium size-medium no-lazy\" alt=\"\" srcset=\"https:\/\/circoloculturalesanfrancesco.org\/site\/wp-content\/uploads\/2017\/04\/IMG_1877-300x225.jpg 300w, https:\/\/circoloculturalesanfrancesco.org\/site\/wp-content\/uploads\/2017\/04\/IMG_1877-768x576.jpg 768w, https:\/\/circoloculturalesanfrancesco.org\/site\/wp-content\/uploads\/2017\/04\/IMG_1877-1024x768.jpg 1024w, https:\/\/circoloculturalesanfrancesco.org\/site\/wp-content\/uploads\/2017\/04\/IMG_1877-100x75.jpg 100w, https:\/\/circoloculturalesanfrancesco.org\/site\/wp-content\/uploads\/2017\/04\/IMG_1877-103x77.jpg 103w\" sizes=\"(max-width: 300px) 100vw, 300px\" \/><\/a>\n\t\t\t<\/dt><\/dl><br style=\"clear: both\" \/><dl class='gallery-item'>\n\t\t\t<dt class='gallery-icon landscape'>\n\t\t\t\t<a href='https:\/\/circoloculturalesanfrancesco.org\/site\/comunicare-con-il-cuore\/img_1880\/'><img loading=\"lazy\" decoding=\"async\" width=\"300\" height=\"225\" src=\"https:\/\/circoloculturalesanfrancesco.org\/site\/wp-content\/uploads\/2017\/04\/IMG_1880-300x225.jpg\" class=\"attachment-medium size-medium no-lazy\" alt=\"\" srcset=\"https:\/\/circoloculturalesanfrancesco.org\/site\/wp-content\/uploads\/2017\/04\/IMG_1880-300x225.jpg 300w, https:\/\/circoloculturalesanfrancesco.org\/site\/wp-content\/uploads\/2017\/04\/IMG_1880-768x576.jpg 768w, https:\/\/circoloculturalesanfrancesco.org\/site\/wp-content\/uploads\/2017\/04\/IMG_1880-1024x768.jpg 1024w, https:\/\/circoloculturalesanfrancesco.org\/site\/wp-content\/uploads\/2017\/04\/IMG_1880-100x75.jpg 100w, https:\/\/circoloculturalesanfrancesco.org\/site\/wp-content\/uploads\/2017\/04\/IMG_1880-103x77.jpg 103w\" sizes=\"(max-width: 300px) 100vw, 300px\" \/><\/a>\n\t\t\t<\/dt><\/dl><dl class='gallery-item'>\n\t\t\t<dt class='gallery-icon landscape'>\n\t\t\t\t<a href='https:\/\/circoloculturalesanfrancesco.org\/site\/comunicare-con-il-cuore\/img_1916\/'><img loading=\"lazy\" decoding=\"async\" width=\"300\" height=\"225\" src=\"https:\/\/circoloculturalesanfrancesco.org\/site\/wp-content\/uploads\/2017\/04\/IMG_1916-300x225.jpg\" class=\"attachment-medium size-medium no-lazy\" alt=\"\" srcset=\"https:\/\/circoloculturalesanfrancesco.org\/site\/wp-content\/uploads\/2017\/04\/IMG_1916-300x225.jpg 300w, https:\/\/circoloculturalesanfrancesco.org\/site\/wp-content\/uploads\/2017\/04\/IMG_1916-768x576.jpg 768w, https:\/\/circoloculturalesanfrancesco.org\/site\/wp-content\/uploads\/2017\/04\/IMG_1916-1024x768.jpg 1024w, https:\/\/circoloculturalesanfrancesco.org\/site\/wp-content\/uploads\/2017\/04\/IMG_1916-100x75.jpg 100w, https:\/\/circoloculturalesanfrancesco.org\/site\/wp-content\/uploads\/2017\/04\/IMG_1916-103x77.jpg 103w\" sizes=\"(max-width: 300px) 100vw, 300px\" \/><\/a>\n\t\t\t<\/dt><\/dl><br style=\"clear: both\" \/><dl class='gallery-item'>\n\t\t\t<dt class='gallery-icon landscape'>\n\t\t\t\t<a href='https:\/\/circoloculturalesanfrancesco.org\/site\/comunicare-con-il-cuore\/img_1912\/'><img loading=\"lazy\" decoding=\"async\" width=\"300\" height=\"225\" src=\"https:\/\/circoloculturalesanfrancesco.org\/site\/wp-content\/uploads\/2017\/04\/IMG_1912-300x225.jpg\" class=\"attachment-medium size-medium no-lazy\" alt=\"\" srcset=\"https:\/\/circoloculturalesanfrancesco.org\/site\/wp-content\/uploads\/2017\/04\/IMG_1912-300x225.jpg 300w, https:\/\/circoloculturalesanfrancesco.org\/site\/wp-content\/uploads\/2017\/04\/IMG_1912-768x576.jpg 768w, https:\/\/circoloculturalesanfrancesco.org\/site\/wp-content\/uploads\/2017\/04\/IMG_1912-1024x768.jpg 1024w, https:\/\/circoloculturalesanfrancesco.org\/site\/wp-content\/uploads\/2017\/04\/IMG_1912-100x75.jpg 100w, https:\/\/circoloculturalesanfrancesco.org\/site\/wp-content\/uploads\/2017\/04\/IMG_1912-103x77.jpg 103w\" sizes=\"(max-width: 300px) 100vw, 300px\" \/><\/a>\n\t\t\t<\/dt><\/dl><dl class='gallery-item'>\n\t\t\t<dt class='gallery-icon landscape'>\n\t\t\t\t<a href='https:\/\/circoloculturalesanfrancesco.org\/site\/comunicare-con-il-cuore\/img_1908\/'><img loading=\"lazy\" decoding=\"async\" width=\"300\" height=\"225\" src=\"https:\/\/circoloculturalesanfrancesco.org\/site\/wp-content\/uploads\/2017\/04\/IMG_1908-300x225.jpg\" class=\"attachment-medium size-medium no-lazy\" alt=\"\" srcset=\"https:\/\/circoloculturalesanfrancesco.org\/site\/wp-content\/uploads\/2017\/04\/IMG_1908-300x225.jpg 300w, https:\/\/circoloculturalesanfrancesco.org\/site\/wp-content\/uploads\/2017\/04\/IMG_1908-768x576.jpg 768w, https:\/\/circoloculturalesanfrancesco.org\/site\/wp-content\/uploads\/2017\/04\/IMG_1908-1024x768.jpg 1024w, https:\/\/circoloculturalesanfrancesco.org\/site\/wp-content\/uploads\/2017\/04\/IMG_1908-100x75.jpg 100w, https:\/\/circoloculturalesanfrancesco.org\/site\/wp-content\/uploads\/2017\/04\/IMG_1908-103x77.jpg 103w\" sizes=\"(max-width: 300px) 100vw, 300px\" \/><\/a>\n\t\t\t<\/dt><\/dl><br style=\"clear: both\" \/><dl class='gallery-item'>\n\t\t\t<dt class='gallery-icon portrait'>\n\t\t\t\t<a href='https:\/\/circoloculturalesanfrancesco.org\/site\/comunicare-con-il-cuore\/img_1888-2\/'><img loading=\"lazy\" decoding=\"async\" width=\"225\" height=\"300\" src=\"https:\/\/circoloculturalesanfrancesco.org\/site\/wp-content\/uploads\/2017\/04\/IMG_1888-e1493097216950-225x300.jpg\" class=\"attachment-medium size-medium no-lazy\" alt=\"\" srcset=\"https:\/\/circoloculturalesanfrancesco.org\/site\/wp-content\/uploads\/2017\/04\/IMG_1888-e1493097216950-225x300.jpg 225w, https:\/\/circoloculturalesanfrancesco.org\/site\/wp-content\/uploads\/2017\/04\/IMG_1888-e1493097216950-768x1024.jpg 768w, https:\/\/circoloculturalesanfrancesco.org\/site\/wp-content\/uploads\/2017\/04\/IMG_1888-e1493097216950-75x100.jpg 75w, https:\/\/circoloculturalesanfrancesco.org\/site\/wp-content\/uploads\/2017\/04\/IMG_1888-e1493097216950-58x77.jpg 58w\" sizes=\"(max-width: 225px) 100vw, 225px\" \/><\/a>\n\t\t\t<\/dt><\/dl><dl class='gallery-item'>\n\t\t\t<dt class='gallery-icon portrait'>\n\t\t\t\t<a href='https:\/\/circoloculturalesanfrancesco.org\/site\/comunicare-con-il-cuore\/img_1885\/'><img loading=\"lazy\" decoding=\"async\" width=\"225\" height=\"300\" src=\"https:\/\/circoloculturalesanfrancesco.org\/site\/wp-content\/uploads\/2017\/04\/IMG_1885-e1493097029393-225x300.jpg\" class=\"attachment-medium size-medium no-lazy\" alt=\"\" srcset=\"https:\/\/circoloculturalesanfrancesco.org\/site\/wp-content\/uploads\/2017\/04\/IMG_1885-e1493097029393-225x300.jpg 225w, https:\/\/circoloculturalesanfrancesco.org\/site\/wp-content\/uploads\/2017\/04\/IMG_1885-e1493097029393-768x1024.jpg 768w, https:\/\/circoloculturalesanfrancesco.org\/site\/wp-content\/uploads\/2017\/04\/IMG_1885-e1493097029393-75x100.jpg 75w, https:\/\/circoloculturalesanfrancesco.org\/site\/wp-content\/uploads\/2017\/04\/IMG_1885-e1493097029393-58x77.jpg 58w\" sizes=\"(max-width: 225px) 100vw, 225px\" \/><\/a>\n\t\t\t<\/dt><\/dl><br style=\"clear: both\" \/><dl class='gallery-item'>\n\t\t\t<dt class='gallery-icon landscape'>\n\t\t\t\t<a href='https:\/\/circoloculturalesanfrancesco.org\/site\/comunicare-con-il-cuore\/img_1920\/'><img loading=\"lazy\" decoding=\"async\" width=\"300\" height=\"225\" src=\"https:\/\/circoloculturalesanfrancesco.org\/site\/wp-content\/uploads\/2017\/04\/IMG_1920-300x225.jpg\" class=\"attachment-medium size-medium no-lazy\" alt=\"\" srcset=\"https:\/\/circoloculturalesanfrancesco.org\/site\/wp-content\/uploads\/2017\/04\/IMG_1920-300x225.jpg 300w, https:\/\/circoloculturalesanfrancesco.org\/site\/wp-content\/uploads\/2017\/04\/IMG_1920-768x576.jpg 768w, https:\/\/circoloculturalesanfrancesco.org\/site\/wp-content\/uploads\/2017\/04\/IMG_1920-1024x768.jpg 1024w, https:\/\/circoloculturalesanfrancesco.org\/site\/wp-content\/uploads\/2017\/04\/IMG_1920-100x75.jpg 100w, https:\/\/circoloculturalesanfrancesco.org\/site\/wp-content\/uploads\/2017\/04\/IMG_1920-103x77.jpg 103w\" sizes=\"(max-width: 300px) 100vw, 300px\" \/><\/a>\n\t\t\t<\/dt><\/dl><dl class='gallery-item'>\n\t\t\t<dt class='gallery-icon landscape'>\n\t\t\t\t<a href='https:\/\/circoloculturalesanfrancesco.org\/site\/comunicare-con-il-cuore\/img_1914-2\/'><img loading=\"lazy\" decoding=\"async\" width=\"300\" height=\"225\" src=\"https:\/\/circoloculturalesanfrancesco.org\/site\/wp-content\/uploads\/2017\/04\/IMG_1914-1-300x225.jpg\" class=\"attachment-medium size-medium no-lazy\" alt=\"\" srcset=\"https:\/\/circoloculturalesanfrancesco.org\/site\/wp-content\/uploads\/2017\/04\/IMG_1914-1-300x225.jpg 300w, https:\/\/circoloculturalesanfrancesco.org\/site\/wp-content\/uploads\/2017\/04\/IMG_1914-1-768x576.jpg 768w, https:\/\/circoloculturalesanfrancesco.org\/site\/wp-content\/uploads\/2017\/04\/IMG_1914-1-1024x768.jpg 1024w, https:\/\/circoloculturalesanfrancesco.org\/site\/wp-content\/uploads\/2017\/04\/IMG_1914-1-100x75.jpg 100w, https:\/\/circoloculturalesanfrancesco.org\/site\/wp-content\/uploads\/2017\/04\/IMG_1914-1-103x77.jpg 103w\" sizes=\"(max-width: 300px) 100vw, 300px\" \/><\/a>\n\t\t\t<\/dt><\/dl><br style=\"clear: both\" \/><dl class='gallery-item'>\n\t\t\t<dt class='gallery-icon landscape'>\n\t\t\t\t<a href='https:\/\/circoloculturalesanfrancesco.org\/site\/comunicare-con-il-cuore\/img_1901\/'><img loading=\"lazy\" decoding=\"async\" width=\"300\" height=\"225\" src=\"https:\/\/circoloculturalesanfrancesco.org\/site\/wp-content\/uploads\/2017\/04\/IMG_1901-300x225.jpg\" class=\"attachment-medium size-medium no-lazy\" alt=\"\" srcset=\"https:\/\/circoloculturalesanfrancesco.org\/site\/wp-content\/uploads\/2017\/04\/IMG_1901-300x225.jpg 300w, https:\/\/circoloculturalesanfrancesco.org\/site\/wp-content\/uploads\/2017\/04\/IMG_1901-768x576.jpg 768w, https:\/\/circoloculturalesanfrancesco.org\/site\/wp-content\/uploads\/2017\/04\/IMG_1901-1024x768.jpg 1024w, https:\/\/circoloculturalesanfrancesco.org\/site\/wp-content\/uploads\/2017\/04\/IMG_1901-100x75.jpg 100w, https:\/\/circoloculturalesanfrancesco.org\/site\/wp-content\/uploads\/2017\/04\/IMG_1901-103x77.jpg 103w\" sizes=\"(max-width: 300px) 100vw, 300px\" \/><\/a>\n\t\t\t<\/dt><\/dl><dl class='gallery-item'>\n\t\t\t<dt class='gallery-icon landscape'>\n\t\t\t\t<a href='https:\/\/circoloculturalesanfrancesco.org\/site\/comunicare-con-il-cuore\/img_1904\/'><img loading=\"lazy\" decoding=\"async\" width=\"300\" height=\"225\" src=\"https:\/\/circoloculturalesanfrancesco.org\/site\/wp-content\/uploads\/2017\/04\/IMG_1904-300x225.jpg\" class=\"attachment-medium size-medium no-lazy\" alt=\"\" srcset=\"https:\/\/circoloculturalesanfrancesco.org\/site\/wp-content\/uploads\/2017\/04\/IMG_1904-300x225.jpg 300w, https:\/\/circoloculturalesanfrancesco.org\/site\/wp-content\/uploads\/2017\/04\/IMG_1904-768x576.jpg 768w, https:\/\/circoloculturalesanfrancesco.org\/site\/wp-content\/uploads\/2017\/04\/IMG_1904-1024x768.jpg 1024w, https:\/\/circoloculturalesanfrancesco.org\/site\/wp-content\/uploads\/2017\/04\/IMG_1904-100x75.jpg 100w, https:\/\/circoloculturalesanfrancesco.org\/site\/wp-content\/uploads\/2017\/04\/IMG_1904-103x77.jpg 103w\" sizes=\"(max-width: 300px) 100vw, 300px\" \/><\/a>\n\t\t\t<\/dt><\/dl><br style=\"clear: both\" \/><dl class='gallery-item'>\n\t\t\t<dt class='gallery-icon landscape'>\n\t\t\t\t<a href='https:\/\/circoloculturalesanfrancesco.org\/site\/comunicare-con-il-cuore\/img_1922\/'><img loading=\"lazy\" decoding=\"async\" width=\"300\" height=\"225\" src=\"https:\/\/circoloculturalesanfrancesco.org\/site\/wp-content\/uploads\/2017\/04\/IMG_1922-300x225.jpg\" class=\"attachment-medium size-medium no-lazy\" alt=\"\" srcset=\"https:\/\/circoloculturalesanfrancesco.org\/site\/wp-content\/uploads\/2017\/04\/IMG_1922-300x225.jpg 300w, https:\/\/circoloculturalesanfrancesco.org\/site\/wp-content\/uploads\/2017\/04\/IMG_1922-768x576.jpg 768w, https:\/\/circoloculturalesanfrancesco.org\/site\/wp-content\/uploads\/2017\/04\/IMG_1922-1024x768.jpg 1024w, https:\/\/circoloculturalesanfrancesco.org\/site\/wp-content\/uploads\/2017\/04\/IMG_1922-100x75.jpg 100w, https:\/\/circoloculturalesanfrancesco.org\/site\/wp-content\/uploads\/2017\/04\/IMG_1922-103x77.jpg 103w\" sizes=\"(max-width: 300px) 100vw, 300px\" \/><\/a>\n\t\t\t<\/dt><\/dl><dl class='gallery-item'>\n\t\t\t<dt class='gallery-icon landscape'>\n\t\t\t\t<a href='https:\/\/circoloculturalesanfrancesco.org\/site\/comunicare-con-il-cuore\/img_1928\/'><img loading=\"lazy\" decoding=\"async\" width=\"300\" height=\"225\" src=\"https:\/\/circoloculturalesanfrancesco.org\/site\/wp-content\/uploads\/2017\/04\/IMG_1928-300x225.jpg\" class=\"attachment-medium size-medium no-lazy\" alt=\"\" srcset=\"https:\/\/circoloculturalesanfrancesco.org\/site\/wp-content\/uploads\/2017\/04\/IMG_1928-300x225.jpg 300w, https:\/\/circoloculturalesanfrancesco.org\/site\/wp-content\/uploads\/2017\/04\/IMG_1928-768x576.jpg 768w, https:\/\/circoloculturalesanfrancesco.org\/site\/wp-content\/uploads\/2017\/04\/IMG_1928-1024x768.jpg 1024w, https:\/\/circoloculturalesanfrancesco.org\/site\/wp-content\/uploads\/2017\/04\/IMG_1928-100x75.jpg 100w, https:\/\/circoloculturalesanfrancesco.org\/site\/wp-content\/uploads\/2017\/04\/IMG_1928-103x77.jpg 103w\" sizes=\"(max-width: 300px) 100vw, 300px\" \/><\/a>\n\t\t\t<\/dt><\/dl><br style=\"clear: both\" \/>\n\t\t<\/div>\n\n","protected":false},"excerpt":{"rendered":"<p>Serata vivace, quella di venerd\u00ec 21 aprile, la 7\u00aa della 4\u00aa edizione del WikiCircolo, l&#8217;86\u00aa di seguito tra quelle cinematografiche e quelle conviviali, dal tema: \u00abIl &#8216;no&#8217; all&#8217;ingiustizia sociale e il &#8216;s\u00ec&#8217; alla solidariet\u00e0&#46;&#46;&#46;<\/p>\n","protected":false},"author":8,"featured_media":4114,"comment_status":"open","ping_status":"closed","sticky":false,"template":"","format":"standard","meta":{"ngg_post_thumbnail":0,"footnotes":""},"categories":[8,32,57],"tags":[43,11,170,58,171,53],"yoast_head":"<!-- This site is optimized with the Yoast SEO plugin v18.3 - https:\/\/yoast.com\/wordpress\/plugins\/seo\/ -->\n<title>Comunicare con il cuore... -<\/title>\n<meta name=\"robots\" content=\"index, follow, max-snippet:-1, max-image-preview:large, max-video-preview:-1\" \/>\n<link rel=\"canonical\" href=\"https:\/\/circoloculturalesanfrancesco.org\/comunicare-con-il-cuore\/\" \/>\n<meta property=\"og:locale\" content=\"it_IT\" \/>\n<meta property=\"og:type\" content=\"article\" \/>\n<meta property=\"og:title\" content=\"Comunicare con il cuore... -\" \/>\n<meta property=\"og:description\" content=\"Serata vivace, quella di venerd\u00ec 21 aprile, la 7\u00aa della 4\u00aa edizione del WikiCircolo, l&#8217;86\u00aa di seguito tra quelle cinematografiche e quelle conviviali, dal tema: \u00abIl &#8216;no&#8217; all&#8217;ingiustizia sociale e il &#8216;s\u00ec&#8217; alla solidariet\u00e0&#046;&#046;&#046;\" \/>\n<meta property=\"og:url\" content=\"https:\/\/circoloculturalesanfrancesco.org\/comunicare-con-il-cuore\/\" \/>\n<meta property=\"article:author\" content=\"https:\/\/www.facebook.com\/circoloculturalesanfrancescocatanzaro\/\" \/>\n<meta property=\"article:published_time\" content=\"2017-04-25T05:17:13+00:00\" \/>\n<meta property=\"article:modified_time\" content=\"2017-04-25T09:15:53+00:00\" \/>\n<meta property=\"og:image\" content=\"https:\/\/circoloculturalesanfrancesco.org\/site\/wp-content\/uploads\/2017\/04\/universal-love.jpg\" \/>\n\t<meta property=\"og:image:width\" content=\"642\" \/>\n\t<meta property=\"og:image:height\" content=\"572\" \/>\n\t<meta property=\"og:image:type\" content=\"image\/jpeg\" \/>\n<meta name=\"twitter:label1\" content=\"Scritto da\" \/>\n\t<meta name=\"twitter:data1\" content=\"admin\" \/>\n\t<meta name=\"twitter:label2\" content=\"Tempo di lettura stimato\" \/>\n\t<meta name=\"twitter:data2\" content=\"3 minuti\" \/>\n<script type=\"application\/ld+json\" class=\"yoast-schema-graph\">{\"@context\":\"https:\/\/schema.org\",\"@graph\":[{\"@type\":\"WebSite\",\"@id\":\"https:\/\/circoloculturalesanfrancesco.org\/site\/#website\",\"url\":\"https:\/\/circoloculturalesanfrancesco.org\/site\/\",\"name\":\"\",\"description\":\"\",\"potentialAction\":[{\"@type\":\"SearchAction\",\"target\":{\"@type\":\"EntryPoint\",\"urlTemplate\":\"https:\/\/circoloculturalesanfrancesco.org\/site\/?s={search_term_string}\"},\"query-input\":\"required name=search_term_string\"}],\"inLanguage\":\"it-IT\"},{\"@type\":\"ImageObject\",\"@id\":\"https:\/\/circoloculturalesanfrancesco.org\/comunicare-con-il-cuore\/#primaryimage\",\"inLanguage\":\"it-IT\",\"url\":\"https:\/\/circoloculturalesanfrancesco.org\/site\/wp-content\/uploads\/2017\/04\/universal-love.jpg\",\"contentUrl\":\"https:\/\/circoloculturalesanfrancesco.org\/site\/wp-content\/uploads\/2017\/04\/universal-love.jpg\",\"width\":642,\"height\":572},{\"@type\":\"WebPage\",\"@id\":\"https:\/\/circoloculturalesanfrancesco.org\/comunicare-con-il-cuore\/#webpage\",\"url\":\"https:\/\/circoloculturalesanfrancesco.org\/comunicare-con-il-cuore\/\",\"name\":\"Comunicare con il cuore... -\",\"isPartOf\":{\"@id\":\"https:\/\/circoloculturalesanfrancesco.org\/site\/#website\"},\"primaryImageOfPage\":{\"@id\":\"https:\/\/circoloculturalesanfrancesco.org\/comunicare-con-il-cuore\/#primaryimage\"},\"datePublished\":\"2017-04-25T05:17:13+00:00\",\"dateModified\":\"2017-04-25T09:15:53+00:00\",\"author\":{\"@id\":\"https:\/\/circoloculturalesanfrancesco.org\/site\/#\/schema\/person\/aaf2eff003877a067bad8f35656b0ec2\"},\"breadcrumb\":{\"@id\":\"https:\/\/circoloculturalesanfrancesco.org\/comunicare-con-il-cuore\/#breadcrumb\"},\"inLanguage\":\"it-IT\",\"potentialAction\":[{\"@type\":\"ReadAction\",\"target\":[\"https:\/\/circoloculturalesanfrancesco.org\/comunicare-con-il-cuore\/\"]}]},{\"@type\":\"BreadcrumbList\",\"@id\":\"https:\/\/circoloculturalesanfrancesco.org\/comunicare-con-il-cuore\/#breadcrumb\",\"itemListElement\":[{\"@type\":\"ListItem\",\"position\":1,\"name\":\"Home\",\"item\":\"https:\/\/circoloculturalesanfrancesco.org\/site\/\"},{\"@type\":\"ListItem\",\"position\":2,\"name\":\"Comunicare con il cuore&#8230;\"}]},{\"@type\":\"Person\",\"@id\":\"https:\/\/circoloculturalesanfrancesco.org\/site\/#\/schema\/person\/aaf2eff003877a067bad8f35656b0ec2\",\"name\":\"admin\",\"image\":{\"@type\":\"ImageObject\",\"@id\":\"https:\/\/circoloculturalesanfrancesco.org\/site\/#personlogo\",\"inLanguage\":\"it-IT\",\"url\":\"https:\/\/secure.gravatar.com\/avatar\/4c528ef69a5e20c241fb0d2a3863e2fd?s=96&d=identicon&r=g\",\"contentUrl\":\"https:\/\/secure.gravatar.com\/avatar\/4c528ef69a5e20c241fb0d2a3863e2fd?s=96&d=identicon&r=g\",\"caption\":\"admin\"},\"sameAs\":[\"http:\/\/www.circoloculturalesanfrancesco.org\",\"https:\/\/www.facebook.com\/circoloculturalesanfrancescocatanzaro\/\"],\"url\":\"https:\/\/circoloculturalesanfrancesco.org\/site\/author\/panzulewicz\/\"}]}<\/script>\n<!-- \/ Yoast SEO plugin. -->","yoast_head_json":{"title":"Comunicare con il cuore... -","robots":{"index":"index","follow":"follow","max-snippet":"max-snippet:-1","max-image-preview":"max-image-preview:large","max-video-preview":"max-video-preview:-1"},"canonical":"https:\/\/circoloculturalesanfrancesco.org\/comunicare-con-il-cuore\/","og_locale":"it_IT","og_type":"article","og_title":"Comunicare con il cuore... -","og_description":"Serata vivace, quella di venerd\u00ec 21 aprile, la 7\u00aa della 4\u00aa edizione del WikiCircolo, l&#8217;86\u00aa di seguito tra quelle cinematografiche e quelle conviviali, dal tema: \u00abIl &#8216;no&#8217; all&#8217;ingiustizia sociale e il &#8216;s\u00ec&#8217; alla solidariet\u00e0&#46;&#46;&#46;","og_url":"https:\/\/circoloculturalesanfrancesco.org\/comunicare-con-il-cuore\/","article_author":"https:\/\/www.facebook.com\/circoloculturalesanfrancescocatanzaro\/","article_published_time":"2017-04-25T05:17:13+00:00","article_modified_time":"2017-04-25T09:15:53+00:00","og_image":[{"width":642,"height":572,"url":"https:\/\/circoloculturalesanfrancesco.org\/site\/wp-content\/uploads\/2017\/04\/universal-love.jpg","type":"image\/jpeg"}],"twitter_misc":{"Scritto da":"admin","Tempo di lettura stimato":"3 minuti"},"schema":{"@context":"https:\/\/schema.org","@graph":[{"@type":"WebSite","@id":"https:\/\/circoloculturalesanfrancesco.org\/site\/#website","url":"https:\/\/circoloculturalesanfrancesco.org\/site\/","name":"","description":"","potentialAction":[{"@type":"SearchAction","target":{"@type":"EntryPoint","urlTemplate":"https:\/\/circoloculturalesanfrancesco.org\/site\/?s={search_term_string}"},"query-input":"required name=search_term_string"}],"inLanguage":"it-IT"},{"@type":"ImageObject","@id":"https:\/\/circoloculturalesanfrancesco.org\/comunicare-con-il-cuore\/#primaryimage","inLanguage":"it-IT","url":"https:\/\/circoloculturalesanfrancesco.org\/site\/wp-content\/uploads\/2017\/04\/universal-love.jpg","contentUrl":"https:\/\/circoloculturalesanfrancesco.org\/site\/wp-content\/uploads\/2017\/04\/universal-love.jpg","width":642,"height":572},{"@type":"WebPage","@id":"https:\/\/circoloculturalesanfrancesco.org\/comunicare-con-il-cuore\/#webpage","url":"https:\/\/circoloculturalesanfrancesco.org\/comunicare-con-il-cuore\/","name":"Comunicare con il cuore... -","isPartOf":{"@id":"https:\/\/circoloculturalesanfrancesco.org\/site\/#website"},"primaryImageOfPage":{"@id":"https:\/\/circoloculturalesanfrancesco.org\/comunicare-con-il-cuore\/#primaryimage"},"datePublished":"2017-04-25T05:17:13+00:00","dateModified":"2017-04-25T09:15:53+00:00","author":{"@id":"https:\/\/circoloculturalesanfrancesco.org\/site\/#\/schema\/person\/aaf2eff003877a067bad8f35656b0ec2"},"breadcrumb":{"@id":"https:\/\/circoloculturalesanfrancesco.org\/comunicare-con-il-cuore\/#breadcrumb"},"inLanguage":"it-IT","potentialAction":[{"@type":"ReadAction","target":["https:\/\/circoloculturalesanfrancesco.org\/comunicare-con-il-cuore\/"]}]},{"@type":"BreadcrumbList","@id":"https:\/\/circoloculturalesanfrancesco.org\/comunicare-con-il-cuore\/#breadcrumb","itemListElement":[{"@type":"ListItem","position":1,"name":"Home","item":"https:\/\/circoloculturalesanfrancesco.org\/site\/"},{"@type":"ListItem","position":2,"name":"Comunicare con il cuore&#8230;"}]},{"@type":"Person","@id":"https:\/\/circoloculturalesanfrancesco.org\/site\/#\/schema\/person\/aaf2eff003877a067bad8f35656b0ec2","name":"admin","image":{"@type":"ImageObject","@id":"https:\/\/circoloculturalesanfrancesco.org\/site\/#personlogo","inLanguage":"it-IT","url":"https:\/\/secure.gravatar.com\/avatar\/4c528ef69a5e20c241fb0d2a3863e2fd?s=96&d=identicon&r=g","contentUrl":"https:\/\/secure.gravatar.com\/avatar\/4c528ef69a5e20c241fb0d2a3863e2fd?s=96&d=identicon&r=g","caption":"admin"},"sameAs":["http:\/\/www.circoloculturalesanfrancesco.org","https:\/\/www.facebook.com\/circoloculturalesanfrancescocatanzaro\/"],"url":"https:\/\/circoloculturalesanfrancesco.org\/site\/author\/panzulewicz\/"}]}},"_links":{"self":[{"href":"https:\/\/circoloculturalesanfrancesco.org\/site\/wp-json\/wp\/v2\/posts\/4112"}],"collection":[{"href":"https:\/\/circoloculturalesanfrancesco.org\/site\/wp-json\/wp\/v2\/posts"}],"about":[{"href":"https:\/\/circoloculturalesanfrancesco.org\/site\/wp-json\/wp\/v2\/types\/post"}],"author":[{"embeddable":true,"href":"https:\/\/circoloculturalesanfrancesco.org\/site\/wp-json\/wp\/v2\/users\/8"}],"replies":[{"embeddable":true,"href":"https:\/\/circoloculturalesanfrancesco.org\/site\/wp-json\/wp\/v2\/comments?post=4112"}],"version-history":[{"count":6,"href":"https:\/\/circoloculturalesanfrancesco.org\/site\/wp-json\/wp\/v2\/posts\/4112\/revisions"}],"predecessor-version":[{"id":4146,"href":"https:\/\/circoloculturalesanfrancesco.org\/site\/wp-json\/wp\/v2\/posts\/4112\/revisions\/4146"}],"wp:featuredmedia":[{"embeddable":true,"href":"https:\/\/circoloculturalesanfrancesco.org\/site\/wp-json\/wp\/v2\/media\/4114"}],"wp:attachment":[{"href":"https:\/\/circoloculturalesanfrancesco.org\/site\/wp-json\/wp\/v2\/media?parent=4112"}],"wp:term":[{"taxonomy":"category","embeddable":true,"href":"https:\/\/circoloculturalesanfrancesco.org\/site\/wp-json\/wp\/v2\/categories?post=4112"},{"taxonomy":"post_tag","embeddable":true,"href":"https:\/\/circoloculturalesanfrancesco.org\/site\/wp-json\/wp\/v2\/tags?post=4112"}],"curies":[{"name":"wp","href":"https:\/\/api.w.org\/{rel}","templated":true}]}}