{"id":3978,"date":"2017-03-20T19:47:10","date_gmt":"2017-03-20T18:47:10","guid":{"rendered":"http:\/\/circoloculturalesanfrancesco.org\/?p=3978"},"modified":"2017-03-21T07:13:27","modified_gmt":"2017-03-21T06:13:27","slug":"forza-maggiore-eroismo-codardia","status":"publish","type":"post","link":"https:\/\/circoloculturalesanfrancesco.org\/site\/forza-maggiore-eroismo-codardia\/","title":{"rendered":"\u00abForza maggiore\u00bb: eroismo o codardia?"},"content":{"rendered":"<div class=\"pdfprnt-buttons pdfprnt-buttons-post pdfprnt-top-right\"><a href=\"https:\/\/circoloculturalesanfrancesco.org\/site\/wp-json\/wp\/v2\/posts\/3978?print=pdf\" class=\"pdfprnt-button pdfprnt-button-pdf\" target=\"_blank\"><img decoding=\"async\" src=\"https:\/\/circoloculturalesanfrancesco.org\/site\/wp-content\/plugins\/pdf-print\/images\/pdf.png\" alt=\"image_pdf\" title=\"Visualizza PDF\" \/><\/a><a href=\"https:\/\/circoloculturalesanfrancesco.org\/site\/wp-json\/wp\/v2\/posts\/3978?print=print\" class=\"pdfprnt-button pdfprnt-button-print\" target=\"_blank\"><img decoding=\"async\" src=\"https:\/\/circoloculturalesanfrancesco.org\/site\/wp-content\/plugins\/pdf-print\/images\/print.png\" alt=\"image_print\" title=\"Stampa contenuto\" \/><\/a><\/div><p style=\"text-align: justify;\">Una Serata piovosa e fredda all\u2019esterno, quella del 10 marzo, eppure splendida e travolgente all\u2019interno, nel \u00abSalone di S. Elisabetta d\u2019Ungheria\u00bb: la <strong>5\u00aa Serata <\/strong>della 4\u00aa edizione del\u00a0<em>Cine<\/em>Circolo, il cui leitmotiv \u00e8: \u00ab\u2019Sorella\u2019 Terra per immagini\u00bb, l\u2019edizione ispirata all\u2019enciclica \u00abLaudato si\u2019\u00bb di Papa Francesco e alla preghiera-inno \u00abCantico delle creature\u00bb di frate Francesco, promossa dal Circolo Culturale San Francesco ed aperta gratuitamente a tutti \u2212 l&#8217;81\u00aa di seguito, tra quelle cinematografiche e quelle conviviali a tema.<\/p>\n<p style=\"text-align: justify;\">La Serata si \u00e8 svolta secondo il seguente programma, pubblicato previamente su questo Sito, insieme con le recensioni del film \u00ab<strong>Forza maggiore<\/strong>\u00bb di Ruben \u00d6stlund (<a href=\"https:\/\/circoloculturalesanfrancesco.org\/site\/event\/forza-maggiore-5a-serata-cinematografica-dibattito-81\/\"><u>https:\/\/circoloculturalesanfrancesco.org\/site\/event\/forza-maggiore-5a-serata-cinematografica-dibattito-81\/<\/u><\/a>):<\/p>\n<ol style=\"text-align: justify;\">\n<li><a href=\"https:\/\/circoloculturalesanfrancesco.org\/site\/wp-content\/uploads\/2017\/02\/Forza-maggiore-Poster.jpg\"><img loading=\"lazy\" decoding=\"async\" class=\"alignleft size-medium wp-image-3884\" src=\"https:\/\/circoloculturalesanfrancesco.org\/site\/wp-content\/uploads\/2017\/02\/Forza-maggiore-Poster-212x300.jpg\" alt=\"\" width=\"212\" height=\"300\" srcset=\"https:\/\/circoloculturalesanfrancesco.org\/site\/wp-content\/uploads\/2017\/02\/Forza-maggiore-Poster-212x300.jpg 212w, https:\/\/circoloculturalesanfrancesco.org\/site\/wp-content\/uploads\/2017\/02\/Forza-maggiore-Poster-768x1086.jpg 768w, https:\/\/circoloculturalesanfrancesco.org\/site\/wp-content\/uploads\/2017\/02\/Forza-maggiore-Poster-724x1024.jpg 724w, https:\/\/circoloculturalesanfrancesco.org\/site\/wp-content\/uploads\/2017\/02\/Forza-maggiore-Poster-71x100.jpg 71w, https:\/\/circoloculturalesanfrancesco.org\/site\/wp-content\/uploads\/2017\/02\/Forza-maggiore-Poster-54x77.jpg 54w\" sizes=\"(max-width: 212px) 100vw, 212px\" \/><\/a>Ascolto di un brano dell\u2019enciclica \u00abLaudato si\u2019\u00bb (n. 25), letto dall\u2019attore Toni Servillo [Audio-libro realizzato nel 2016 dall\u2019editore Luca Sossella ed accompagnato da una guida alla lettura e all\u2019ascolto del testo, scritta da Antonio Spadaro SJ, direttore di\u00a0<em>Civilt\u00e0 Cattolica<\/em>]<\/li>\n<li>Video \u00abDolce sentire\u00bb [Musica scritta da Riz Ortolani, per il film \u00abFratello sole, sorella luna\u00bb sulla vita di s. Francesco d\u2019Assisi girato nel 1972 dal regista Franco Zeffirelli; canta Rosalia Misseri; durata: 2,38&#8242;]<\/li>\n<li>Note preliminari riguardanti il regista Ruben \u00d6stlund, la trama del suo film e il tema del cinedibattito<\/li>\n<li>Proiezione del film \u00abForza maggiore\u00bb (con l&#8217;intervallo di 10\u2032)<\/li>\n<li>Impressioni, osservazioni e condivisioni sul tema del cinedibattito<\/li>\n<li>Comunicazioni relative al Circolo e annuncio del prossimo evento<\/li>\n<li>Recita della \u00abPreghiera per la nostra terra\u00bb (<em>Laudato si\u2019<\/em>, n. 246)<\/li>\n<li>Foto di gruppo e \u201cCocktail\u201d<\/li>\n<\/ol>\n<p style=\"text-align: justify;\"><a href=\"https:\/\/circoloculturalesanfrancesco.org\/site\/wp-content\/uploads\/2017\/02\/Forza-maggiore-1.jpg\"><img loading=\"lazy\" decoding=\"async\" class=\"alignleft size-medium wp-image-3865\" src=\"https:\/\/circoloculturalesanfrancesco.org\/site\/wp-content\/uploads\/2017\/02\/Forza-maggiore-1-300x150.jpg\" alt=\"\" width=\"300\" height=\"150\" srcset=\"https:\/\/circoloculturalesanfrancesco.org\/site\/wp-content\/uploads\/2017\/02\/Forza-maggiore-1-300x150.jpg 300w, https:\/\/circoloculturalesanfrancesco.org\/site\/wp-content\/uploads\/2017\/02\/Forza-maggiore-1-100x50.jpg 100w, https:\/\/circoloculturalesanfrancesco.org\/site\/wp-content\/uploads\/2017\/02\/Forza-maggiore-1-154x77.jpg 154w, https:\/\/circoloculturalesanfrancesco.org\/site\/wp-content\/uploads\/2017\/02\/Forza-maggiore-1.jpg 318w\" sizes=\"(max-width: 300px) 100vw, 300px\" \/><\/a>La pellicola ci ha fornito lo spunto per la riflessione su quanto sia labile il confine tra <strong>codardia<\/strong> ed <strong>eroismo <\/strong>in situazioni improvvise come una calamit\u00e0 naturale. Riflettere sull\u2019idea della codardia, propriamente compresa, dovrebbe spingerci a confrontarci con noi stessi, con le nostre inadeguatezze, con le nostre paure. La verit\u00e0 \u00e8 che tutti possiamo essere codardi, deboli, vulnerabili, vigliacchi, anche se essere un vigliacco non e\u0300 facile. \u00abMolto pi\u00f9 facile essere un eroe \u2212 afferma Julian Barnes, scrittore britannico, nel suo ultimo romanzo <em>Il rumore del tempo<\/em> (Einaudi, 2016). \u2212 A un eroe basta mostrarsi coraggioso per un istante: quando estrae la pistola, quando lancia la bomba, attiva il detonatore, fa fuori il tiranno e poi se stesso. Essere un vigliacco significa invece imbarcarsi in un\u2019impresa che dura una vita. Mai un po\u2019 di riposo. C\u2019e\u0300 da anticipare l\u2019occasione successiva in cui si dovr\u00e0 tergiversare, mostrarsi servili, giustificarsi, riabituarsi al gusto di nuovi stivali da leccare e all\u2019amarezza di constatare la propria rovinosa abiezione. Essere un vigliacco richiede costanza, fermezza, impegno a non cambiare, il che si risolve in una certa qual forma di coraggio\u00bb. Infatti, il protagonista del suo romanzo \u00e8 un vigliacco: Dmitrij \u0160ostakovi\u010d, compositore russo, che non si oppose mai apertamente al regime sovietico. <em>Il rumore del tempo <\/em>lo racconta proprio attraverso tre momenti di umiliante sottomissione al potere. Ha gi\u00e0 riscosso successi in mezzo mondo quando il compagno Stalin in persona emette la condanna: la sua non \u00e8 musica, \u00e8 solo caos. Da quel momento la vita del &#8220;nemico del popolo&#8221; \u0160ostakovi\u010d \u00e8 una foglia al vento, e la sua anima assediata dalla paura, il campo di battaglia fra codardia ed eroismo. Il 29 gennaio 1936 la \u00abPravda\u00bb commentava la recente esecuzione al Bol\u00b4\u0161oj della <em>Lady Macbeth<\/em> <em>del distretto di Mcensk<\/em> di \u0160ostakovi\u010d titolando caos anzich\u00e9 musica e accusando l&#8217;opera di accarezzare \u00abil gusto morboso del pubblico borghese con una musica inquieta e nevrastenica\u00bb. Nell&#8217;et\u00e0 del terrore un editoriale del genere poteva interrompere la vita stessa. E per \u0160ostakovi\u010d giunge il primo di vari di colloqui con il potere. \u00c8 una trappola senza vie d&#8217;uscita, quella che gli si tende \u2013 piegarsi alla delazione o soccombere \u2013 e \u0160ostakovi\u010d si dispone all&#8217;ineluttabile.<\/p>\n<p style=\"text-align: justify;\"><a href=\"https:\/\/circoloculturalesanfrancesco.org\/site\/wp-content\/uploads\/2017\/02\/forza-maggiore-2.jpg\"><img loading=\"lazy\" decoding=\"async\" class=\"alignleft size-medium wp-image-3869\" src=\"https:\/\/circoloculturalesanfrancesco.org\/site\/wp-content\/uploads\/2017\/02\/forza-maggiore-2-300x172.jpg\" alt=\"\" width=\"300\" height=\"172\" srcset=\"https:\/\/circoloculturalesanfrancesco.org\/site\/wp-content\/uploads\/2017\/02\/forza-maggiore-2-300x172.jpg 300w, https:\/\/circoloculturalesanfrancesco.org\/site\/wp-content\/uploads\/2017\/02\/forza-maggiore-2-100x57.jpg 100w, https:\/\/circoloculturalesanfrancesco.org\/site\/wp-content\/uploads\/2017\/02\/forza-maggiore-2-134x77.jpg 134w, https:\/\/circoloculturalesanfrancesco.org\/site\/wp-content\/uploads\/2017\/02\/forza-maggiore-2.jpg 580w\" sizes=\"(max-width: 300px) 100vw, 300px\" \/><\/a>L\u2019affermazione di Barnes ci appare subito paradossale. Siamo abituati a pensare a un vigliacco come al contrario di un eroe. E \u201cvigliacco\u201d, \u201ccodardo\u201d, \u201cvile\u201d sono tra le parole pi\u00f9 offensive che usiamo. Un\u2019etichetta infamante che si applica sempre a qualcun altro e mai a noi. \u00abDovremo invece smettere di definire gli altri codardi e concentrarci su noi stessi, sulla nostra idea di dovere morale e su ci\u00f2 che ci impedisce di compierlo\u00bb, leggiamo tra le pagine del saggio <em>Codardia: una breve storia <\/em>di Chris Walsh, docente della Boston University e direttore del College of Arts and Sciences Writings (<em>Cowardice: a Brief History<\/em>, Princenton University Press, 2014). I coraggiosi sono eroi per definizione e a loro sono dedicati saggi e romanzi, invece <em>de los cobardes no se ha escrito nada<\/em>, come dice un proverbio spagnolo.<\/p>\n<p style=\"text-align: justify;\">Un sincero grazie a chi era presente a questa Serata ed \u00e8 rimasto fino al momento della foto comune.<\/p>\n<p style=\"text-align: justify;\">Le Serate conviviali a tema e quelle cinematografiche con il dibattito sono uniche, irripetibili, dialogiche e fraterne, preparate con passione e amore dallo Staff del Circolo. Non facciamole sfuggire, ma promuoviamole e sosteniamole fattivamente, anche con un veloce gesto di saluto o con una parola di benevolenza e di amicizia, e non solo con il pensiero.<\/p>\n<p style=\"text-align: right;\"><em>Piotr Anzulewicz OFMConv<\/em><\/p>\n\n\t\t<style>\n\t\t\t#gallery-1 {\n\t\t\t\tmargin: auto;\n\t\t\t}\n\t\t\t#gallery-1 .gallery-item {\n\t\t\t\tfloat: left;\n\t\t\t\tmargin-top: 10px;\n\t\t\t\ttext-align: center;\n\t\t\t\twidth: 50%;\n\t\t\t}\n\t\t\t#gallery-1 img {\n\t\t\t\tborder: 2px solid #cfcfcf;\n\t\t\t}\n\t\t\t#gallery-1 .gallery-caption {\n\t\t\t\tmargin-left: 0;\n\t\t\t}\n\t\t\t\/* see gallery_shortcode() in wp-includes\/media.php *\/\n\t\t<\/style>\n\t\t<div id='gallery-1' class='gallery galleryid-3978 gallery-columns-2 gallery-size-medium'><dl class='gallery-item'>\n\t\t\t<dt class='gallery-icon landscape'>\n\t\t\t\t<a href='https:\/\/circoloculturalesanfrancesco.org\/site\/forza-maggiore-eroismo-codardia\/img_1280\/'><img loading=\"lazy\" decoding=\"async\" width=\"300\" height=\"225\" src=\"https:\/\/circoloculturalesanfrancesco.org\/site\/wp-content\/uploads\/2017\/03\/IMG_1280-300x225.jpg\" class=\"attachment-medium size-medium no-lazy\" alt=\"\" srcset=\"https:\/\/circoloculturalesanfrancesco.org\/site\/wp-content\/uploads\/2017\/03\/IMG_1280-300x225.jpg 300w, https:\/\/circoloculturalesanfrancesco.org\/site\/wp-content\/uploads\/2017\/03\/IMG_1280-768x576.jpg 768w, https:\/\/circoloculturalesanfrancesco.org\/site\/wp-content\/uploads\/2017\/03\/IMG_1280-1024x768.jpg 1024w, https:\/\/circoloculturalesanfrancesco.org\/site\/wp-content\/uploads\/2017\/03\/IMG_1280-100x75.jpg 100w, https:\/\/circoloculturalesanfrancesco.org\/site\/wp-content\/uploads\/2017\/03\/IMG_1280-103x77.jpg 103w\" sizes=\"(max-width: 300px) 100vw, 300px\" \/><\/a>\n\t\t\t<\/dt><\/dl><dl class='gallery-item'>\n\t\t\t<dt class='gallery-icon landscape'>\n\t\t\t\t<a href='https:\/\/circoloculturalesanfrancesco.org\/site\/forza-maggiore-eroismo-codardia\/img_1281\/'><img loading=\"lazy\" decoding=\"async\" width=\"300\" height=\"225\" src=\"https:\/\/circoloculturalesanfrancesco.org\/site\/wp-content\/uploads\/2017\/03\/IMG_1281-300x225.jpg\" class=\"attachment-medium size-medium no-lazy\" alt=\"\" srcset=\"https:\/\/circoloculturalesanfrancesco.org\/site\/wp-content\/uploads\/2017\/03\/IMG_1281-300x225.jpg 300w, https:\/\/circoloculturalesanfrancesco.org\/site\/wp-content\/uploads\/2017\/03\/IMG_1281-768x576.jpg 768w, https:\/\/circoloculturalesanfrancesco.org\/site\/wp-content\/uploads\/2017\/03\/IMG_1281-1024x768.jpg 1024w, https:\/\/circoloculturalesanfrancesco.org\/site\/wp-content\/uploads\/2017\/03\/IMG_1281-100x75.jpg 100w, https:\/\/circoloculturalesanfrancesco.org\/site\/wp-content\/uploads\/2017\/03\/IMG_1281-103x77.jpg 103w\" sizes=\"(max-width: 300px) 100vw, 300px\" \/><\/a>\n\t\t\t<\/dt><\/dl><br style=\"clear: both\" \/><dl class='gallery-item'>\n\t\t\t<dt class='gallery-icon landscape'>\n\t\t\t\t<a href='https:\/\/circoloculturalesanfrancesco.org\/site\/forza-maggiore-eroismo-codardia\/img_1290\/'><img loading=\"lazy\" decoding=\"async\" width=\"300\" height=\"225\" src=\"https:\/\/circoloculturalesanfrancesco.org\/site\/wp-content\/uploads\/2017\/03\/IMG_1290-300x225.jpg\" class=\"attachment-medium size-medium no-lazy\" alt=\"\" srcset=\"https:\/\/circoloculturalesanfrancesco.org\/site\/wp-content\/uploads\/2017\/03\/IMG_1290-300x225.jpg 300w, https:\/\/circoloculturalesanfrancesco.org\/site\/wp-content\/uploads\/2017\/03\/IMG_1290-768x576.jpg 768w, https:\/\/circoloculturalesanfrancesco.org\/site\/wp-content\/uploads\/2017\/03\/IMG_1290-1024x768.jpg 1024w, https:\/\/circoloculturalesanfrancesco.org\/site\/wp-content\/uploads\/2017\/03\/IMG_1290-100x75.jpg 100w, https:\/\/circoloculturalesanfrancesco.org\/site\/wp-content\/uploads\/2017\/03\/IMG_1290-103x77.jpg 103w\" sizes=\"(max-width: 300px) 100vw, 300px\" \/><\/a>\n\t\t\t<\/dt><\/dl><dl class='gallery-item'>\n\t\t\t<dt class='gallery-icon landscape'>\n\t\t\t\t<a href='https:\/\/circoloculturalesanfrancesco.org\/site\/forza-maggiore-eroismo-codardia\/img_1312\/'><img loading=\"lazy\" decoding=\"async\" width=\"300\" height=\"225\" src=\"https:\/\/circoloculturalesanfrancesco.org\/site\/wp-content\/uploads\/2017\/03\/IMG_1312-300x225.jpg\" class=\"attachment-medium size-medium no-lazy\" alt=\"\" srcset=\"https:\/\/circoloculturalesanfrancesco.org\/site\/wp-content\/uploads\/2017\/03\/IMG_1312-300x225.jpg 300w, https:\/\/circoloculturalesanfrancesco.org\/site\/wp-content\/uploads\/2017\/03\/IMG_1312-768x576.jpg 768w, https:\/\/circoloculturalesanfrancesco.org\/site\/wp-content\/uploads\/2017\/03\/IMG_1312-1024x768.jpg 1024w, https:\/\/circoloculturalesanfrancesco.org\/site\/wp-content\/uploads\/2017\/03\/IMG_1312-100x75.jpg 100w, https:\/\/circoloculturalesanfrancesco.org\/site\/wp-content\/uploads\/2017\/03\/IMG_1312-103x77.jpg 103w\" sizes=\"(max-width: 300px) 100vw, 300px\" \/><\/a>\n\t\t\t<\/dt><\/dl><br style=\"clear: both\" \/><dl class='gallery-item'>\n\t\t\t<dt class='gallery-icon landscape'>\n\t\t\t\t<a href='https:\/\/circoloculturalesanfrancesco.org\/site\/forza-maggiore-eroismo-codardia\/img_1273\/'><img loading=\"lazy\" decoding=\"async\" width=\"300\" height=\"225\" src=\"https:\/\/circoloculturalesanfrancesco.org\/site\/wp-content\/uploads\/2017\/03\/IMG_1273-300x225.jpg\" class=\"attachment-medium size-medium no-lazy\" alt=\"\" srcset=\"https:\/\/circoloculturalesanfrancesco.org\/site\/wp-content\/uploads\/2017\/03\/IMG_1273-300x225.jpg 300w, https:\/\/circoloculturalesanfrancesco.org\/site\/wp-content\/uploads\/2017\/03\/IMG_1273-768x576.jpg 768w, https:\/\/circoloculturalesanfrancesco.org\/site\/wp-content\/uploads\/2017\/03\/IMG_1273-1024x768.jpg 1024w, https:\/\/circoloculturalesanfrancesco.org\/site\/wp-content\/uploads\/2017\/03\/IMG_1273-100x75.jpg 100w, https:\/\/circoloculturalesanfrancesco.org\/site\/wp-content\/uploads\/2017\/03\/IMG_1273-103x77.jpg 103w\" sizes=\"(max-width: 300px) 100vw, 300px\" \/><\/a>\n\t\t\t<\/dt><\/dl><dl class='gallery-item'>\n\t\t\t<dt class='gallery-icon landscape'>\n\t\t\t\t<a href='https:\/\/circoloculturalesanfrancesco.org\/site\/forza-maggiore-eroismo-codardia\/img_1286-2\/'><img loading=\"lazy\" decoding=\"async\" width=\"300\" height=\"225\" src=\"https:\/\/circoloculturalesanfrancesco.org\/site\/wp-content\/uploads\/2017\/03\/IMG_1286-300x225.jpg\" class=\"attachment-medium size-medium no-lazy\" alt=\"\" srcset=\"https:\/\/circoloculturalesanfrancesco.org\/site\/wp-content\/uploads\/2017\/03\/IMG_1286-300x225.jpg 300w, https:\/\/circoloculturalesanfrancesco.org\/site\/wp-content\/uploads\/2017\/03\/IMG_1286-768x576.jpg 768w, https:\/\/circoloculturalesanfrancesco.org\/site\/wp-content\/uploads\/2017\/03\/IMG_1286-1024x768.jpg 1024w, https:\/\/circoloculturalesanfrancesco.org\/site\/wp-content\/uploads\/2017\/03\/IMG_1286-100x75.jpg 100w, https:\/\/circoloculturalesanfrancesco.org\/site\/wp-content\/uploads\/2017\/03\/IMG_1286-103x77.jpg 103w\" sizes=\"(max-width: 300px) 100vw, 300px\" \/><\/a>\n\t\t\t<\/dt><\/dl><br style=\"clear: both\" \/><dl class='gallery-item'>\n\t\t\t<dt class='gallery-icon landscape'>\n\t\t\t\t<a href='https:\/\/circoloculturalesanfrancesco.org\/site\/forza-maggiore-eroismo-codardia\/img_1310\/'><img loading=\"lazy\" decoding=\"async\" width=\"300\" height=\"225\" src=\"https:\/\/circoloculturalesanfrancesco.org\/site\/wp-content\/uploads\/2017\/03\/IMG_1310-300x225.jpg\" class=\"attachment-medium size-medium no-lazy\" alt=\"\" srcset=\"https:\/\/circoloculturalesanfrancesco.org\/site\/wp-content\/uploads\/2017\/03\/IMG_1310-300x225.jpg 300w, https:\/\/circoloculturalesanfrancesco.org\/site\/wp-content\/uploads\/2017\/03\/IMG_1310-768x576.jpg 768w, https:\/\/circoloculturalesanfrancesco.org\/site\/wp-content\/uploads\/2017\/03\/IMG_1310-1024x768.jpg 1024w, https:\/\/circoloculturalesanfrancesco.org\/site\/wp-content\/uploads\/2017\/03\/IMG_1310-100x75.jpg 100w, https:\/\/circoloculturalesanfrancesco.org\/site\/wp-content\/uploads\/2017\/03\/IMG_1310-103x77.jpg 103w\" sizes=\"(max-width: 300px) 100vw, 300px\" \/><\/a>\n\t\t\t<\/dt><\/dl><dl class='gallery-item'>\n\t\t\t<dt class='gallery-icon landscape'>\n\t\t\t\t<a href='https:\/\/circoloculturalesanfrancesco.org\/site\/forza-maggiore-eroismo-codardia\/img_1284\/'><img loading=\"lazy\" decoding=\"async\" width=\"300\" height=\"225\" src=\"https:\/\/circoloculturalesanfrancesco.org\/site\/wp-content\/uploads\/2017\/03\/IMG_1284-300x225.jpg\" class=\"attachment-medium size-medium no-lazy\" alt=\"\" srcset=\"https:\/\/circoloculturalesanfrancesco.org\/site\/wp-content\/uploads\/2017\/03\/IMG_1284-300x225.jpg 300w, https:\/\/circoloculturalesanfrancesco.org\/site\/wp-content\/uploads\/2017\/03\/IMG_1284-768x576.jpg 768w, https:\/\/circoloculturalesanfrancesco.org\/site\/wp-content\/uploads\/2017\/03\/IMG_1284-1024x768.jpg 1024w, https:\/\/circoloculturalesanfrancesco.org\/site\/wp-content\/uploads\/2017\/03\/IMG_1284-100x75.jpg 100w, https:\/\/circoloculturalesanfrancesco.org\/site\/wp-content\/uploads\/2017\/03\/IMG_1284-103x77.jpg 103w\" sizes=\"(max-width: 300px) 100vw, 300px\" \/><\/a>\n\t\t\t<\/dt><\/dl><br style=\"clear: both\" \/><dl class='gallery-item'>\n\t\t\t<dt class='gallery-icon landscape'>\n\t\t\t\t<a href='https:\/\/circoloculturalesanfrancesco.org\/site\/forza-maggiore-eroismo-codardia\/img_1276\/'><img loading=\"lazy\" decoding=\"async\" width=\"300\" height=\"225\" src=\"https:\/\/circoloculturalesanfrancesco.org\/site\/wp-content\/uploads\/2017\/03\/IMG_1276-300x225.jpg\" class=\"attachment-medium size-medium no-lazy\" alt=\"\" srcset=\"https:\/\/circoloculturalesanfrancesco.org\/site\/wp-content\/uploads\/2017\/03\/IMG_1276-300x225.jpg 300w, https:\/\/circoloculturalesanfrancesco.org\/site\/wp-content\/uploads\/2017\/03\/IMG_1276-768x576.jpg 768w, https:\/\/circoloculturalesanfrancesco.org\/site\/wp-content\/uploads\/2017\/03\/IMG_1276-1024x768.jpg 1024w, https:\/\/circoloculturalesanfrancesco.org\/site\/wp-content\/uploads\/2017\/03\/IMG_1276-100x75.jpg 100w, https:\/\/circoloculturalesanfrancesco.org\/site\/wp-content\/uploads\/2017\/03\/IMG_1276-103x77.jpg 103w\" sizes=\"(max-width: 300px) 100vw, 300px\" \/><\/a>\n\t\t\t<\/dt><\/dl><dl class='gallery-item'>\n\t\t\t<dt class='gallery-icon landscape'>\n\t\t\t\t<a href='https:\/\/circoloculturalesanfrancesco.org\/site\/forza-maggiore-eroismo-codardia\/img_1277\/'><img loading=\"lazy\" decoding=\"async\" width=\"300\" height=\"225\" src=\"https:\/\/circoloculturalesanfrancesco.org\/site\/wp-content\/uploads\/2017\/03\/IMG_1277-300x225.jpg\" class=\"attachment-medium size-medium no-lazy\" alt=\"\" srcset=\"https:\/\/circoloculturalesanfrancesco.org\/site\/wp-content\/uploads\/2017\/03\/IMG_1277-300x225.jpg 300w, https:\/\/circoloculturalesanfrancesco.org\/site\/wp-content\/uploads\/2017\/03\/IMG_1277-768x576.jpg 768w, https:\/\/circoloculturalesanfrancesco.org\/site\/wp-content\/uploads\/2017\/03\/IMG_1277-1024x768.jpg 1024w, https:\/\/circoloculturalesanfrancesco.org\/site\/wp-content\/uploads\/2017\/03\/IMG_1277-100x75.jpg 100w, https:\/\/circoloculturalesanfrancesco.org\/site\/wp-content\/uploads\/2017\/03\/IMG_1277-103x77.jpg 103w\" sizes=\"(max-width: 300px) 100vw, 300px\" \/><\/a>\n\t\t\t<\/dt><\/dl><br style=\"clear: both\" \/><dl class='gallery-item'>\n\t\t\t<dt class='gallery-icon landscape'>\n\t\t\t\t<a href='https:\/\/circoloculturalesanfrancesco.org\/site\/forza-maggiore-eroismo-codardia\/img_1287\/'><img loading=\"lazy\" decoding=\"async\" width=\"300\" height=\"225\" src=\"https:\/\/circoloculturalesanfrancesco.org\/site\/wp-content\/uploads\/2017\/03\/IMG_1287-300x225.jpg\" class=\"attachment-medium size-medium no-lazy\" alt=\"\" srcset=\"https:\/\/circoloculturalesanfrancesco.org\/site\/wp-content\/uploads\/2017\/03\/IMG_1287-300x225.jpg 300w, https:\/\/circoloculturalesanfrancesco.org\/site\/wp-content\/uploads\/2017\/03\/IMG_1287-768x576.jpg 768w, https:\/\/circoloculturalesanfrancesco.org\/site\/wp-content\/uploads\/2017\/03\/IMG_1287-1024x768.jpg 1024w, https:\/\/circoloculturalesanfrancesco.org\/site\/wp-content\/uploads\/2017\/03\/IMG_1287-100x75.jpg 100w, https:\/\/circoloculturalesanfrancesco.org\/site\/wp-content\/uploads\/2017\/03\/IMG_1287-103x77.jpg 103w\" sizes=\"(max-width: 300px) 100vw, 300px\" \/><\/a>\n\t\t\t<\/dt><\/dl><dl class='gallery-item'>\n\t\t\t<dt class='gallery-icon landscape'>\n\t\t\t\t<a href='https:\/\/circoloculturalesanfrancesco.org\/site\/forza-maggiore-eroismo-codardia\/img_1288\/'><img loading=\"lazy\" decoding=\"async\" width=\"300\" height=\"225\" src=\"https:\/\/circoloculturalesanfrancesco.org\/site\/wp-content\/uploads\/2017\/03\/IMG_1288-300x225.jpg\" class=\"attachment-medium size-medium no-lazy\" alt=\"\" srcset=\"https:\/\/circoloculturalesanfrancesco.org\/site\/wp-content\/uploads\/2017\/03\/IMG_1288-300x225.jpg 300w, https:\/\/circoloculturalesanfrancesco.org\/site\/wp-content\/uploads\/2017\/03\/IMG_1288-768x576.jpg 768w, https:\/\/circoloculturalesanfrancesco.org\/site\/wp-content\/uploads\/2017\/03\/IMG_1288-1024x768.jpg 1024w, https:\/\/circoloculturalesanfrancesco.org\/site\/wp-content\/uploads\/2017\/03\/IMG_1288-100x75.jpg 100w, https:\/\/circoloculturalesanfrancesco.org\/site\/wp-content\/uploads\/2017\/03\/IMG_1288-103x77.jpg 103w\" sizes=\"(max-width: 300px) 100vw, 300px\" \/><\/a>\n\t\t\t<\/dt><\/dl><br style=\"clear: both\" \/><dl class='gallery-item'>\n\t\t\t<dt class='gallery-icon landscape'>\n\t\t\t\t<a href='https:\/\/circoloculturalesanfrancesco.org\/site\/forza-maggiore-eroismo-codardia\/img_1292\/'><img loading=\"lazy\" decoding=\"async\" width=\"300\" height=\"225\" src=\"https:\/\/circoloculturalesanfrancesco.org\/site\/wp-content\/uploads\/2017\/03\/IMG_1292-300x225.jpg\" class=\"attachment-medium size-medium no-lazy\" alt=\"\" srcset=\"https:\/\/circoloculturalesanfrancesco.org\/site\/wp-content\/uploads\/2017\/03\/IMG_1292-300x225.jpg 300w, https:\/\/circoloculturalesanfrancesco.org\/site\/wp-content\/uploads\/2017\/03\/IMG_1292-768x576.jpg 768w, https:\/\/circoloculturalesanfrancesco.org\/site\/wp-content\/uploads\/2017\/03\/IMG_1292-1024x768.jpg 1024w, https:\/\/circoloculturalesanfrancesco.org\/site\/wp-content\/uploads\/2017\/03\/IMG_1292-100x75.jpg 100w, https:\/\/circoloculturalesanfrancesco.org\/site\/wp-content\/uploads\/2017\/03\/IMG_1292-103x77.jpg 103w\" sizes=\"(max-width: 300px) 100vw, 300px\" \/><\/a>\n\t\t\t<\/dt><\/dl><dl class='gallery-item'>\n\t\t\t<dt class='gallery-icon landscape'>\n\t\t\t\t<a href='https:\/\/circoloculturalesanfrancesco.org\/site\/forza-maggiore-eroismo-codardia\/img_1293\/'><img loading=\"lazy\" decoding=\"async\" width=\"300\" height=\"225\" src=\"https:\/\/circoloculturalesanfrancesco.org\/site\/wp-content\/uploads\/2017\/03\/IMG_1293-300x225.jpg\" class=\"attachment-medium size-medium no-lazy\" alt=\"\" srcset=\"https:\/\/circoloculturalesanfrancesco.org\/site\/wp-content\/uploads\/2017\/03\/IMG_1293-300x225.jpg 300w, https:\/\/circoloculturalesanfrancesco.org\/site\/wp-content\/uploads\/2017\/03\/IMG_1293-768x576.jpg 768w, https:\/\/circoloculturalesanfrancesco.org\/site\/wp-content\/uploads\/2017\/03\/IMG_1293-1024x768.jpg 1024w, https:\/\/circoloculturalesanfrancesco.org\/site\/wp-content\/uploads\/2017\/03\/IMG_1293-100x75.jpg 100w, https:\/\/circoloculturalesanfrancesco.org\/site\/wp-content\/uploads\/2017\/03\/IMG_1293-103x77.jpg 103w\" sizes=\"(max-width: 300px) 100vw, 300px\" \/><\/a>\n\t\t\t<\/dt><\/dl><br style=\"clear: both\" \/><dl class='gallery-item'>\n\t\t\t<dt class='gallery-icon landscape'>\n\t\t\t\t<a href='https:\/\/circoloculturalesanfrancesco.org\/site\/forza-maggiore-eroismo-codardia\/img_1294\/'><img loading=\"lazy\" decoding=\"async\" width=\"300\" height=\"225\" src=\"https:\/\/circoloculturalesanfrancesco.org\/site\/wp-content\/uploads\/2017\/03\/IMG_1294-300x225.jpg\" class=\"attachment-medium size-medium no-lazy\" alt=\"\" srcset=\"https:\/\/circoloculturalesanfrancesco.org\/site\/wp-content\/uploads\/2017\/03\/IMG_1294-300x225.jpg 300w, https:\/\/circoloculturalesanfrancesco.org\/site\/wp-content\/uploads\/2017\/03\/IMG_1294-768x576.jpg 768w, https:\/\/circoloculturalesanfrancesco.org\/site\/wp-content\/uploads\/2017\/03\/IMG_1294-1024x768.jpg 1024w, https:\/\/circoloculturalesanfrancesco.org\/site\/wp-content\/uploads\/2017\/03\/IMG_1294-100x75.jpg 100w, https:\/\/circoloculturalesanfrancesco.org\/site\/wp-content\/uploads\/2017\/03\/IMG_1294-103x77.jpg 103w\" sizes=\"(max-width: 300px) 100vw, 300px\" \/><\/a>\n\t\t\t<\/dt><\/dl><dl class='gallery-item'>\n\t\t\t<dt class='gallery-icon landscape'>\n\t\t\t\t<a href='https:\/\/circoloculturalesanfrancesco.org\/site\/forza-maggiore-eroismo-codardia\/img_1299\/'><img loading=\"lazy\" decoding=\"async\" width=\"300\" height=\"225\" src=\"https:\/\/circoloculturalesanfrancesco.org\/site\/wp-content\/uploads\/2017\/03\/IMG_1299-e1490035293356-300x225.jpg\" class=\"attachment-medium size-medium no-lazy\" alt=\"\" srcset=\"https:\/\/circoloculturalesanfrancesco.org\/site\/wp-content\/uploads\/2017\/03\/IMG_1299-e1490035293356-300x225.jpg 300w, https:\/\/circoloculturalesanfrancesco.org\/site\/wp-content\/uploads\/2017\/03\/IMG_1299-e1490035293356-768x576.jpg 768w, https:\/\/circoloculturalesanfrancesco.org\/site\/wp-content\/uploads\/2017\/03\/IMG_1299-e1490035293356-1024x768.jpg 1024w, https:\/\/circoloculturalesanfrancesco.org\/site\/wp-content\/uploads\/2017\/03\/IMG_1299-e1490035293356-100x75.jpg 100w, https:\/\/circoloculturalesanfrancesco.org\/site\/wp-content\/uploads\/2017\/03\/IMG_1299-e1490035293356-103x77.jpg 103w\" sizes=\"(max-width: 300px) 100vw, 300px\" \/><\/a>\n\t\t\t<\/dt><\/dl><br style=\"clear: both\" \/>\n\t\t<\/div>\n\n","protected":false},"excerpt":{"rendered":"<p>Una Serata piovosa e fredda all\u2019esterno, quella del 10 marzo, eppure splendida e travolgente all\u2019interno, nel \u00abSalone di S. Elisabetta d\u2019Ungheria\u00bb: la 5\u00aa Serata della 4\u00aa edizione del\u00a0CineCircolo, il cui leitmotiv \u00e8: \u00ab\u2019Sorella\u2019 Terra&#46;&#46;&#46;<\/p>\n","protected":false},"author":9,"featured_media":3979,"comment_status":"open","ping_status":"closed","sticky":false,"template":"","format":"standard","meta":{"ngg_post_thumbnail":0,"footnotes":""},"categories":[48,8,32],"tags":[147,94,59,58,65],"yoast_head":"<!-- This site is optimized with the Yoast SEO plugin v18.3 - https:\/\/yoast.com\/wordpress\/plugins\/seo\/ -->\n<title>\u00abForza maggiore\u00bb: eroismo o codardia? -<\/title>\n<meta name=\"robots\" content=\"index, follow, max-snippet:-1, max-image-preview:large, max-video-preview:-1\" \/>\n<link rel=\"canonical\" href=\"https:\/\/circoloculturalesanfrancesco.org\/forza-maggiore-eroismo-codardia\/\" \/>\n<meta property=\"og:locale\" content=\"it_IT\" \/>\n<meta property=\"og:type\" content=\"article\" \/>\n<meta property=\"og:title\" content=\"\u00abForza maggiore\u00bb: eroismo o codardia? -\" \/>\n<meta property=\"og:description\" content=\"Una Serata piovosa e fredda all\u2019esterno, quella del 10 marzo, eppure splendida e travolgente all\u2019interno, nel \u00abSalone di S. Elisabetta d\u2019Ungheria\u00bb: la 5\u00aa Serata della 4\u00aa edizione del\u00a0CineCircolo, il cui leitmotiv \u00e8: \u00ab\u2019Sorella\u2019 Terra&#046;&#046;&#046;\" \/>\n<meta property=\"og:url\" content=\"https:\/\/circoloculturalesanfrancesco.org\/forza-maggiore-eroismo-codardia\/\" \/>\n<meta property=\"article:published_time\" content=\"2017-03-20T18:47:10+00:00\" \/>\n<meta property=\"article:modified_time\" content=\"2017-03-21T06:13:27+00:00\" \/>\n<meta property=\"og:image\" content=\"https:\/\/circoloculturalesanfrancesco.org\/site\/wp-content\/uploads\/2017\/03\/bambina-in-bicicletta.jpg\" \/>\n\t<meta property=\"og:image:width\" content=\"1024\" \/>\n\t<meta property=\"og:image:height\" content=\"578\" \/>\n\t<meta property=\"og:image:type\" content=\"image\/jpeg\" \/>\n<meta name=\"twitter:label1\" content=\"Scritto da\" \/>\n\t<meta name=\"twitter:data1\" content=\"Piotr\" \/>\n\t<meta name=\"twitter:label2\" content=\"Tempo di lettura stimato\" \/>\n\t<meta name=\"twitter:data2\" content=\"4 minuti\" \/>\n<script type=\"application\/ld+json\" class=\"yoast-schema-graph\">{\"@context\":\"https:\/\/schema.org\",\"@graph\":[{\"@type\":\"WebSite\",\"@id\":\"https:\/\/circoloculturalesanfrancesco.org\/site\/#website\",\"url\":\"https:\/\/circoloculturalesanfrancesco.org\/site\/\",\"name\":\"\",\"description\":\"\",\"potentialAction\":[{\"@type\":\"SearchAction\",\"target\":{\"@type\":\"EntryPoint\",\"urlTemplate\":\"https:\/\/circoloculturalesanfrancesco.org\/site\/?s={search_term_string}\"},\"query-input\":\"required name=search_term_string\"}],\"inLanguage\":\"it-IT\"},{\"@type\":\"ImageObject\",\"@id\":\"https:\/\/circoloculturalesanfrancesco.org\/forza-maggiore-eroismo-codardia\/#primaryimage\",\"inLanguage\":\"it-IT\",\"url\":\"https:\/\/circoloculturalesanfrancesco.org\/site\/wp-content\/uploads\/2017\/03\/bambina-in-bicicletta.jpg\",\"contentUrl\":\"https:\/\/circoloculturalesanfrancesco.org\/site\/wp-content\/uploads\/2017\/03\/bambina-in-bicicletta.jpg\",\"width\":1024,\"height\":578},{\"@type\":\"WebPage\",\"@id\":\"https:\/\/circoloculturalesanfrancesco.org\/forza-maggiore-eroismo-codardia\/#webpage\",\"url\":\"https:\/\/circoloculturalesanfrancesco.org\/forza-maggiore-eroismo-codardia\/\",\"name\":\"\u00abForza maggiore\u00bb: eroismo o codardia? -\",\"isPartOf\":{\"@id\":\"https:\/\/circoloculturalesanfrancesco.org\/site\/#website\"},\"primaryImageOfPage\":{\"@id\":\"https:\/\/circoloculturalesanfrancesco.org\/forza-maggiore-eroismo-codardia\/#primaryimage\"},\"datePublished\":\"2017-03-20T18:47:10+00:00\",\"dateModified\":\"2017-03-21T06:13:27+00:00\",\"author\":{\"@id\":\"https:\/\/circoloculturalesanfrancesco.org\/site\/#\/schema\/person\/ec9b37c96794aad3b808a8c7db69c009\"},\"breadcrumb\":{\"@id\":\"https:\/\/circoloculturalesanfrancesco.org\/forza-maggiore-eroismo-codardia\/#breadcrumb\"},\"inLanguage\":\"it-IT\",\"potentialAction\":[{\"@type\":\"ReadAction\",\"target\":[\"https:\/\/circoloculturalesanfrancesco.org\/forza-maggiore-eroismo-codardia\/\"]}]},{\"@type\":\"BreadcrumbList\",\"@id\":\"https:\/\/circoloculturalesanfrancesco.org\/forza-maggiore-eroismo-codardia\/#breadcrumb\",\"itemListElement\":[{\"@type\":\"ListItem\",\"position\":1,\"name\":\"Home\",\"item\":\"https:\/\/circoloculturalesanfrancesco.org\/site\/\"},{\"@type\":\"ListItem\",\"position\":2,\"name\":\"\u00abForza maggiore\u00bb: eroismo o codardia?\"}]},{\"@type\":\"Person\",\"@id\":\"https:\/\/circoloculturalesanfrancesco.org\/site\/#\/schema\/person\/ec9b37c96794aad3b808a8c7db69c009\",\"name\":\"Piotr\",\"image\":{\"@type\":\"ImageObject\",\"@id\":\"https:\/\/circoloculturalesanfrancesco.org\/site\/#personlogo\",\"inLanguage\":\"it-IT\",\"url\":\"https:\/\/secure.gravatar.com\/avatar\/ef1c1426bb732f8bb24d4826e37a4d15?s=96&d=identicon&r=g\",\"contentUrl\":\"https:\/\/secure.gravatar.com\/avatar\/ef1c1426bb732f8bb24d4826e37a4d15?s=96&d=identicon&r=g\",\"caption\":\"Piotr\"},\"url\":\"https:\/\/circoloculturalesanfrancesco.org\/site\/author\/admin\/\"}]}<\/script>\n<!-- \/ Yoast SEO plugin. -->","yoast_head_json":{"title":"\u00abForza maggiore\u00bb: eroismo o codardia? -","robots":{"index":"index","follow":"follow","max-snippet":"max-snippet:-1","max-image-preview":"max-image-preview:large","max-video-preview":"max-video-preview:-1"},"canonical":"https:\/\/circoloculturalesanfrancesco.org\/forza-maggiore-eroismo-codardia\/","og_locale":"it_IT","og_type":"article","og_title":"\u00abForza maggiore\u00bb: eroismo o codardia? -","og_description":"Una Serata piovosa e fredda all\u2019esterno, quella del 10 marzo, eppure splendida e travolgente all\u2019interno, nel \u00abSalone di S. Elisabetta d\u2019Ungheria\u00bb: la 5\u00aa Serata della 4\u00aa edizione del\u00a0CineCircolo, il cui leitmotiv \u00e8: \u00ab\u2019Sorella\u2019 Terra&#46;&#46;&#46;","og_url":"https:\/\/circoloculturalesanfrancesco.org\/forza-maggiore-eroismo-codardia\/","article_published_time":"2017-03-20T18:47:10+00:00","article_modified_time":"2017-03-21T06:13:27+00:00","og_image":[{"width":1024,"height":578,"url":"https:\/\/circoloculturalesanfrancesco.org\/site\/wp-content\/uploads\/2017\/03\/bambina-in-bicicletta.jpg","type":"image\/jpeg"}],"twitter_misc":{"Scritto da":"Piotr","Tempo di lettura stimato":"4 minuti"},"schema":{"@context":"https:\/\/schema.org","@graph":[{"@type":"WebSite","@id":"https:\/\/circoloculturalesanfrancesco.org\/site\/#website","url":"https:\/\/circoloculturalesanfrancesco.org\/site\/","name":"","description":"","potentialAction":[{"@type":"SearchAction","target":{"@type":"EntryPoint","urlTemplate":"https:\/\/circoloculturalesanfrancesco.org\/site\/?s={search_term_string}"},"query-input":"required name=search_term_string"}],"inLanguage":"it-IT"},{"@type":"ImageObject","@id":"https:\/\/circoloculturalesanfrancesco.org\/forza-maggiore-eroismo-codardia\/#primaryimage","inLanguage":"it-IT","url":"https:\/\/circoloculturalesanfrancesco.org\/site\/wp-content\/uploads\/2017\/03\/bambina-in-bicicletta.jpg","contentUrl":"https:\/\/circoloculturalesanfrancesco.org\/site\/wp-content\/uploads\/2017\/03\/bambina-in-bicicletta.jpg","width":1024,"height":578},{"@type":"WebPage","@id":"https:\/\/circoloculturalesanfrancesco.org\/forza-maggiore-eroismo-codardia\/#webpage","url":"https:\/\/circoloculturalesanfrancesco.org\/forza-maggiore-eroismo-codardia\/","name":"\u00abForza maggiore\u00bb: eroismo o codardia? -","isPartOf":{"@id":"https:\/\/circoloculturalesanfrancesco.org\/site\/#website"},"primaryImageOfPage":{"@id":"https:\/\/circoloculturalesanfrancesco.org\/forza-maggiore-eroismo-codardia\/#primaryimage"},"datePublished":"2017-03-20T18:47:10+00:00","dateModified":"2017-03-21T06:13:27+00:00","author":{"@id":"https:\/\/circoloculturalesanfrancesco.org\/site\/#\/schema\/person\/ec9b37c96794aad3b808a8c7db69c009"},"breadcrumb":{"@id":"https:\/\/circoloculturalesanfrancesco.org\/forza-maggiore-eroismo-codardia\/#breadcrumb"},"inLanguage":"it-IT","potentialAction":[{"@type":"ReadAction","target":["https:\/\/circoloculturalesanfrancesco.org\/forza-maggiore-eroismo-codardia\/"]}]},{"@type":"BreadcrumbList","@id":"https:\/\/circoloculturalesanfrancesco.org\/forza-maggiore-eroismo-codardia\/#breadcrumb","itemListElement":[{"@type":"ListItem","position":1,"name":"Home","item":"https:\/\/circoloculturalesanfrancesco.org\/site\/"},{"@type":"ListItem","position":2,"name":"\u00abForza maggiore\u00bb: eroismo o codardia?"}]},{"@type":"Person","@id":"https:\/\/circoloculturalesanfrancesco.org\/site\/#\/schema\/person\/ec9b37c96794aad3b808a8c7db69c009","name":"Piotr","image":{"@type":"ImageObject","@id":"https:\/\/circoloculturalesanfrancesco.org\/site\/#personlogo","inLanguage":"it-IT","url":"https:\/\/secure.gravatar.com\/avatar\/ef1c1426bb732f8bb24d4826e37a4d15?s=96&d=identicon&r=g","contentUrl":"https:\/\/secure.gravatar.com\/avatar\/ef1c1426bb732f8bb24d4826e37a4d15?s=96&d=identicon&r=g","caption":"Piotr"},"url":"https:\/\/circoloculturalesanfrancesco.org\/site\/author\/admin\/"}]}},"_links":{"self":[{"href":"https:\/\/circoloculturalesanfrancesco.org\/site\/wp-json\/wp\/v2\/posts\/3978"}],"collection":[{"href":"https:\/\/circoloculturalesanfrancesco.org\/site\/wp-json\/wp\/v2\/posts"}],"about":[{"href":"https:\/\/circoloculturalesanfrancesco.org\/site\/wp-json\/wp\/v2\/types\/post"}],"author":[{"embeddable":true,"href":"https:\/\/circoloculturalesanfrancesco.org\/site\/wp-json\/wp\/v2\/users\/9"}],"replies":[{"embeddable":true,"href":"https:\/\/circoloculturalesanfrancesco.org\/site\/wp-json\/wp\/v2\/comments?post=3978"}],"version-history":[{"count":2,"href":"https:\/\/circoloculturalesanfrancesco.org\/site\/wp-json\/wp\/v2\/posts\/3978\/revisions"}],"predecessor-version":[{"id":3998,"href":"https:\/\/circoloculturalesanfrancesco.org\/site\/wp-json\/wp\/v2\/posts\/3978\/revisions\/3998"}],"wp:featuredmedia":[{"embeddable":true,"href":"https:\/\/circoloculturalesanfrancesco.org\/site\/wp-json\/wp\/v2\/media\/3979"}],"wp:attachment":[{"href":"https:\/\/circoloculturalesanfrancesco.org\/site\/wp-json\/wp\/v2\/media?parent=3978"}],"wp:term":[{"taxonomy":"category","embeddable":true,"href":"https:\/\/circoloculturalesanfrancesco.org\/site\/wp-json\/wp\/v2\/categories?post=3978"},{"taxonomy":"post_tag","embeddable":true,"href":"https:\/\/circoloculturalesanfrancesco.org\/site\/wp-json\/wp\/v2\/tags?post=3978"}],"curies":[{"name":"wp","href":"https:\/\/api.w.org\/{rel}","templated":true}]}}