{"id":380,"date":"2014-02-07T04:18:33","date_gmt":"2014-02-07T03:18:33","guid":{"rendered":"http:\/\/circoloculturalesanfrancesco.org\/?p=380"},"modified":"2015-06-03T11:15:46","modified_gmt":"2015-06-03T09:15:46","slug":"laboratorio-di-giornalismo-20142015","status":"publish","type":"post","link":"https:\/\/circoloculturalesanfrancesco.org\/site\/laboratorio-di-giornalismo-20142015\/","title":{"rendered":"Laboratorio di giornalismo 2014\/2015"},"content":{"rendered":"<div class=\"pdfprnt-buttons pdfprnt-buttons-post pdfprnt-top-right\"><a href=\"https:\/\/circoloculturalesanfrancesco.org\/site\/wp-json\/wp\/v2\/posts\/380?print=pdf\" class=\"pdfprnt-button pdfprnt-button-pdf\" target=\"_blank\"><img decoding=\"async\" src=\"https:\/\/circoloculturalesanfrancesco.org\/site\/wp-content\/plugins\/pdf-print\/images\/pdf.png\" alt=\"image_pdf\" title=\"Visualizza PDF\" \/><\/a><a href=\"https:\/\/circoloculturalesanfrancesco.org\/site\/wp-json\/wp\/v2\/posts\/380?print=print\" class=\"pdfprnt-button pdfprnt-button-print\" target=\"_blank\"><img decoding=\"async\" src=\"https:\/\/circoloculturalesanfrancesco.org\/site\/wp-content\/plugins\/pdf-print\/images\/print.png\" alt=\"image_print\" title=\"Stampa contenuto\" \/><\/a><\/div><p>In risposta all&#8217;invito di Papa Francesco, contenuto nel suo primo Messaggio per la 48\u00aa\u00a0Giornata delle Comunicazioni Sociali dal titolo: \u00ab<b>Comunicazione al servizio di un\u2019autentica cultura dell\u2019incontro<\/b>\u00bb, che si celebrer\u00e0 il 1 giugno, il \u00ab<b>Circolo Culturale San Francesco<\/b>\u00bb di Catanzaro Lido e l\u2019Osservatorio nazionale indipendente sulle politiche dell\u2019Unione europea \u00ab<b>Qui Europa<\/b>\u00bb organizzano e realizzano il <span style=\"color: #ff0000;\"><b>laboratorio di giornalismo<\/b> <b>2014\/2015<\/b><\/span>.<\/p>\n<p>Si tratta di un Workshop (dall&#8217;inglese \u201claboratorio\u201d) che vuole esplorare il potenziale della comunicazione, nel mondo sempre collegato e in rete, per farci sentire pi\u00f9 prossimi gli uni gli altri. La cultura dell\u2019incontro \u00abrichiede che siamo disposti non soltanto a dare, ma anche a ricevere dagli altri\u00bb: l\u2019altro pu\u00f2 aiutare me a capire meglio. In questo i media,<b> <\/b>e Internet in particolare, avendo tra le coordinate il messaggio evangelico, possono offrirci \u00abmaggiori possibilit\u00e0 d\u2019incontro e di solidariet\u00e0 fra tutti\u00bb.<\/p>\n<p>La comunicazione \u00e8 una sfida appassionante che tuttavia comporta \u00abenergie fresche e un\u2019immaginazione nuova\u00bb, intensit\u00e0 e creativit\u00e0. Non si pu\u00f2 affidare la comunicazione ad una <i>routine<\/i> meccanica, da ufficio stampa, che si ferma solo a comunicare delle frasi. L\u2019immaginazione cristiana \u2013 grazie all&#8217;immagine del Buon Samaritano \u2013 \u00e8 in grado di plasmare e di dare forma ad una comunicazione che significa anche un modo di aprirsi al mondo, di inserirsi nel dialogo con<b> <\/b>gli uomini e le donne di oggi e di comprenderne le attese, le speranze e i dubbi. Ci troviamo immersi in una sorta di \u201ccarovana solidale\u201d o circolare. Arroccarsi dentro idee personali, o tradizioni linguistiche e partitiche, significa impedire la fluidit\u00e0 di comunicazione. \u00abLa Rete digitale \u2013 afferma con forza Papa Francesco \u2013 pu\u00f2 essere un luogo ricco di unione e di umanit\u00e0, non una rete di fili e di cavi\u00bb.<b> <\/b>I fili e i cavi, se vogliamo, ci aiutano ovviamente, anzi, devono aiutarci \u2013 \u00e8 questa la vocazione della Rete \u2013 ad essere pi\u00f9 uniti e ad avere una comunicazione pi\u00f9 diretta, in grado di superare le barriere e gli ostacoli. C\u2019\u00e8 una visione profetica della Rete: la Rete \u00e8 intesa come dono di Dio agli uomini, perch\u00e9 grazie ad essa gli uomini possono essere pi\u00f9 uniti e insieme incamminarsi verso la verit\u00e0.<\/p>\n<p><span style=\"color: #ff0000;\"><b>Obiettivi formativi<\/b><\/span><\/p>\n<p>Il laboratorio \u2013 corso gratuito continuativo \u2013 si propone dunque di fornire conoscenze e tecniche necessarie per capire le nuove realt\u00e0 della Rete, di utilizzare nuovi strumenti di comunicazione, di acquisire tutte le competenze relative all\u2019attivit\u00e0 giornalistica<b> <\/b>e alla realizzazione e gestione di un giornale cartaceo e Web, in un\u2019ottica valoriale, non solo materiale.<\/p>\n<p>Il Workshop si prefigge altres\u00ec di avviare alla professione quanti volessero iniziare una collaborazione ed un\u2019esperienza concreta presso la <b>Redazione <\/b>dell\u2019Osservatorio nazionale indipendente sulle politiche dell\u2019Unione europea \u00ab<b>Qui Europa<\/b>\u00bb<b> <\/b>che a fine corso elargir\u00e0 una <b>borsa di studio <\/b>ai cinque migliori studenti dando loro la possibilit\u00e0 di acquisire il <b>tesserino di giornalista pubblicista<\/b> e di avviare una collaborazione concreta col giornale.<\/p>\n<p><span style=\"color: #ff0000;\"><b>Destinatari<\/b><\/span><\/p>\n<p>Il laboratorio \u00e8 rivolto a ragazzi, aspiranti giornalisti e a chi ha intenzione di lavorare nel mondo della comunicazione o vuole approfondire le dinamiche del giornalismo.<\/p>\n<p><span style=\"color: #ff0000;\"><b>Organizzazione didattica <\/b><\/span><\/p>\n<p>I seminari si terranno ogni <b>gioved\u00ec dalle ore 17 alle 19<\/b> nel Salone \u00abS. Elisabetta d\u2019Ungheria\u00bb situato al lato destro della chiesa \u00abSacro Cuore\u00bb di Catanzaro Lido. Ogni <b>venerd\u00ec <\/b>(ore 18.30\u201321) ci sar\u00e0 eventualmente la possibilit\u00e0 di continuare la formazione partecipando alle<i> Conversazioni<\/i> di pubblico interesse su importanti questioni di attualit\u00e0, che si tengono nello stesso Salone, e ai quali \u00e8 invitata tutta la cittadinanza e tutto il Corpo docente degli Istituti scolastici.<\/p>\n<p><span style=\"color: #ff0000;\"><b>Iscrizione<\/b><\/span><\/p>\n<p>Per iscriversi basta inviare una mail di conferma all\u2019indirizzo <a href=\"mailto:infounicz.europa@gmail.com\">infounicz.europa@gmail.com<\/a> e comunicare il nominativo alla Presidenza che provveder\u00e0 a redigere un elenco degli studenti interessati.<\/p>\n<p>Papa Francesco, \u201ccomunicatore globale\u201d, ha capovolto lo stile di comunicazione del papato. La sua comunicazione \u00e8 dialogo, colloquio, giustizia, sincerit\u00e0, annuncio di fraternit\u00e0. Il suo \u00e8 un messaggio universale, rivolto soprattutto alle periferie esistenziali del mondo. I suoi viaggi nazionali e internazionali: Lampedusa, Rio de Janeiro, Cagliari, Assisi, testimoniano questa forza comunicativa che ha il sapore dello straordinario.<\/p>\n<p>La comunicazione in s\u00e9, come la conosciamo oggi, ha anche un precursore: <strong>Francesco d&#8217;Assisi<\/strong>. Il suo carisma da comunicatore ha reso possibile la diffusione della fratellanza umana, universale e cosmica. La grande forza comunicativa trov\u00f2 nella parola uno degli strumenti pi\u00f9 efficaci, facendo suo il concetto latino di \u00abcommunico\u00bb: mettere in comune, rendere partecipe, condividere, scopo principe di una comunicazione che diventa anche comunione con tutto il creato. Frate Francesco \u2013 dice il suo primo biografo, fra Tommaso da Celano \u2013 aveva fatto di tutto il suo corpo una lingua, senza disdegnare \u201c<em>il gesto\u201d<\/em> come elemento comunicativo (ad esempio il bacio al lebbroso: Test., vv. 1-2: FF 110). Nel mondo della comunicazione \u00e8 importante anche l&#8217;ascolto. L\u2019Assisiate era un grande ascoltatore, oltre che oratore. Egli amava ascoltare il prossimo, faceva tesoro delle esperienze altrui, accoglieva tutti. Desiderava che tutti potessero coesistere allo stesso livello, mischiandosi ai poveri e ai ricchi e trovando il linguaggio per accedere al loro cuore, passando dalla predicazione nelle chiese alla predicazione nelle piazze.<\/p>\n<p>L\u2019era della globalizzazione impone che la comunicazione possa arrivare nei pi\u00f9 remoti angoli del mondo reale, ma altrettanto necessario giungere \u00abnegli ambiti creati dalle nuove tecnologie, nelle reti sociali, per far emergere una presenza (\u2026) che ascolta, dialoga, incoraggia\u00bb (Papa Francesco). Ciascuno di noi dovrebbe accogliere la sfida di testimoniare i valori in cui crede, la propria identit\u00e0 cristiana, il proprio vissuto culturale, espressi con un nuovo linguaggio, per giungere alla condivisione.<\/p>\n<p><strong>P. Piotr Anzulewicz OFMConv<\/strong>,\u00a0Presidente del \u00abCircolo Culturale San Francesco\u00bb<\/p>\n<p><b><\/b><strong>Dott. Sergio Basile<\/strong>,\u00a0Direttore del quotidiano \u00ab<b>Qui Europa<\/b>\u00bb e Vicepresidente del \u00abCircolo Culturale San Francesco\u00bb<\/p>\n<p>5 febbraio 2014, memoria di s. <b>Agata<\/b> (\u2020 c. 251), vergine e martire, patrona dei fonditori di campane, dei pompieri e delle donne con il tumore al seno, protettrice tra l&#8217;altro di San Marino e di Malta, ma \u00e8 Catania il centro pi\u00f9 folcloristico e religioso del suo culto<\/p>\n","protected":false},"excerpt":{"rendered":"<p>In risposta all&#8217;invito di Papa Francesco, contenuto nel suo primo Messaggio per la 48\u00aa\u00a0Giornata delle Comunicazioni Sociali dal titolo: \u00abComunicazione al servizio di un\u2019autentica cultura dell\u2019incontro\u00bb, che si celebrer\u00e0 il 1 giugno, il \u00abCircolo&#46;&#46;&#46;<\/p>\n","protected":false},"author":8,"featured_media":381,"comment_status":"open","ping_status":"closed","sticky":false,"template":"","format":"standard","meta":{"ngg_post_thumbnail":0,"footnotes":""},"categories":[31,8,29],"tags":[11,34,33,13],"yoast_head":"<!-- This site is optimized with the Yoast SEO plugin v18.3 - https:\/\/yoast.com\/wordpress\/plugins\/seo\/ -->\n<title>Laboratorio di giornalismo 2014\/2015 -<\/title>\n<meta name=\"robots\" content=\"index, follow, max-snippet:-1, max-image-preview:large, max-video-preview:-1\" \/>\n<link rel=\"canonical\" href=\"https:\/\/circoloculturalesanfrancesco.org\/laboratorio-di-giornalismo-20142015\/\" \/>\n<meta property=\"og:locale\" content=\"it_IT\" \/>\n<meta property=\"og:type\" content=\"article\" \/>\n<meta property=\"og:title\" content=\"Laboratorio di giornalismo 2014\/2015 -\" \/>\n<meta property=\"og:description\" content=\"In risposta all&#8217;invito di Papa Francesco, contenuto nel suo primo Messaggio per la 48\u00aa\u00a0Giornata delle Comunicazioni Sociali dal titolo: \u00abComunicazione al servizio di un\u2019autentica cultura dell\u2019incontro\u00bb, che si celebrer\u00e0 il 1 giugno, il \u00abCircolo&#046;&#046;&#046;\" \/>\n<meta property=\"og:url\" content=\"https:\/\/circoloculturalesanfrancesco.org\/laboratorio-di-giornalismo-20142015\/\" \/>\n<meta property=\"article:author\" content=\"https:\/\/www.facebook.com\/circoloculturalesanfrancescocatanzaro\/\" \/>\n<meta property=\"article:published_time\" content=\"2014-02-07T03:18:33+00:00\" \/>\n<meta property=\"article:modified_time\" content=\"2015-06-03T09:15:46+00:00\" \/>\n<meta property=\"og:image\" content=\"https:\/\/circoloculturalesanfrancesco.org\/site\/wp-content\/uploads\/2014\/02\/Giornalismo.jpg\" \/>\n\t<meta property=\"og:image:width\" content=\"302\" \/>\n\t<meta property=\"og:image:height\" content=\"167\" \/>\n\t<meta property=\"og:image:type\" content=\"image\/jpeg\" \/>\n<meta name=\"twitter:label1\" content=\"Scritto da\" \/>\n\t<meta name=\"twitter:data1\" content=\"admin\" \/>\n\t<meta name=\"twitter:label2\" content=\"Tempo di lettura stimato\" \/>\n\t<meta name=\"twitter:data2\" content=\"5 minuti\" \/>\n<script type=\"application\/ld+json\" class=\"yoast-schema-graph\">{\"@context\":\"https:\/\/schema.org\",\"@graph\":[{\"@type\":\"WebSite\",\"@id\":\"https:\/\/circoloculturalesanfrancesco.org\/site\/#website\",\"url\":\"https:\/\/circoloculturalesanfrancesco.org\/site\/\",\"name\":\"\",\"description\":\"\",\"potentialAction\":[{\"@type\":\"SearchAction\",\"target\":{\"@type\":\"EntryPoint\",\"urlTemplate\":\"https:\/\/circoloculturalesanfrancesco.org\/site\/?s={search_term_string}\"},\"query-input\":\"required name=search_term_string\"}],\"inLanguage\":\"it-IT\"},{\"@type\":\"ImageObject\",\"@id\":\"https:\/\/circoloculturalesanfrancesco.org\/laboratorio-di-giornalismo-20142015\/#primaryimage\",\"inLanguage\":\"it-IT\",\"url\":\"https:\/\/circoloculturalesanfrancesco.org\/site\/wp-content\/uploads\/2014\/02\/Giornalismo.jpg\",\"contentUrl\":\"https:\/\/circoloculturalesanfrancesco.org\/site\/wp-content\/uploads\/2014\/02\/Giornalismo.jpg\",\"width\":302,\"height\":167},{\"@type\":\"WebPage\",\"@id\":\"https:\/\/circoloculturalesanfrancesco.org\/laboratorio-di-giornalismo-20142015\/#webpage\",\"url\":\"https:\/\/circoloculturalesanfrancesco.org\/laboratorio-di-giornalismo-20142015\/\",\"name\":\"Laboratorio di giornalismo 2014\/2015 -\",\"isPartOf\":{\"@id\":\"https:\/\/circoloculturalesanfrancesco.org\/site\/#website\"},\"primaryImageOfPage\":{\"@id\":\"https:\/\/circoloculturalesanfrancesco.org\/laboratorio-di-giornalismo-20142015\/#primaryimage\"},\"datePublished\":\"2014-02-07T03:18:33+00:00\",\"dateModified\":\"2015-06-03T09:15:46+00:00\",\"author\":{\"@id\":\"https:\/\/circoloculturalesanfrancesco.org\/site\/#\/schema\/person\/aaf2eff003877a067bad8f35656b0ec2\"},\"breadcrumb\":{\"@id\":\"https:\/\/circoloculturalesanfrancesco.org\/laboratorio-di-giornalismo-20142015\/#breadcrumb\"},\"inLanguage\":\"it-IT\",\"potentialAction\":[{\"@type\":\"ReadAction\",\"target\":[\"https:\/\/circoloculturalesanfrancesco.org\/laboratorio-di-giornalismo-20142015\/\"]}]},{\"@type\":\"BreadcrumbList\",\"@id\":\"https:\/\/circoloculturalesanfrancesco.org\/laboratorio-di-giornalismo-20142015\/#breadcrumb\",\"itemListElement\":[{\"@type\":\"ListItem\",\"position\":1,\"name\":\"Home\",\"item\":\"https:\/\/circoloculturalesanfrancesco.org\/site\/\"},{\"@type\":\"ListItem\",\"position\":2,\"name\":\"Laboratorio di giornalismo 2014\/2015\"}]},{\"@type\":\"Person\",\"@id\":\"https:\/\/circoloculturalesanfrancesco.org\/site\/#\/schema\/person\/aaf2eff003877a067bad8f35656b0ec2\",\"name\":\"admin\",\"image\":{\"@type\":\"ImageObject\",\"@id\":\"https:\/\/circoloculturalesanfrancesco.org\/site\/#personlogo\",\"inLanguage\":\"it-IT\",\"url\":\"https:\/\/secure.gravatar.com\/avatar\/4c528ef69a5e20c241fb0d2a3863e2fd?s=96&d=identicon&r=g\",\"contentUrl\":\"https:\/\/secure.gravatar.com\/avatar\/4c528ef69a5e20c241fb0d2a3863e2fd?s=96&d=identicon&r=g\",\"caption\":\"admin\"},\"sameAs\":[\"http:\/\/www.circoloculturalesanfrancesco.org\",\"https:\/\/www.facebook.com\/circoloculturalesanfrancescocatanzaro\/\"],\"url\":\"https:\/\/circoloculturalesanfrancesco.org\/site\/author\/panzulewicz\/\"}]}<\/script>\n<!-- \/ Yoast SEO plugin. -->","yoast_head_json":{"title":"Laboratorio di giornalismo 2014\/2015 -","robots":{"index":"index","follow":"follow","max-snippet":"max-snippet:-1","max-image-preview":"max-image-preview:large","max-video-preview":"max-video-preview:-1"},"canonical":"https:\/\/circoloculturalesanfrancesco.org\/laboratorio-di-giornalismo-20142015\/","og_locale":"it_IT","og_type":"article","og_title":"Laboratorio di giornalismo 2014\/2015 -","og_description":"In risposta all&#8217;invito di Papa Francesco, contenuto nel suo primo Messaggio per la 48\u00aa\u00a0Giornata delle Comunicazioni Sociali dal titolo: \u00abComunicazione al servizio di un\u2019autentica cultura dell\u2019incontro\u00bb, che si celebrer\u00e0 il 1 giugno, il \u00abCircolo&#46;&#46;&#46;","og_url":"https:\/\/circoloculturalesanfrancesco.org\/laboratorio-di-giornalismo-20142015\/","article_author":"https:\/\/www.facebook.com\/circoloculturalesanfrancescocatanzaro\/","article_published_time":"2014-02-07T03:18:33+00:00","article_modified_time":"2015-06-03T09:15:46+00:00","og_image":[{"width":302,"height":167,"url":"https:\/\/circoloculturalesanfrancesco.org\/site\/wp-content\/uploads\/2014\/02\/Giornalismo.jpg","type":"image\/jpeg"}],"twitter_misc":{"Scritto da":"admin","Tempo di lettura stimato":"5 minuti"},"schema":{"@context":"https:\/\/schema.org","@graph":[{"@type":"WebSite","@id":"https:\/\/circoloculturalesanfrancesco.org\/site\/#website","url":"https:\/\/circoloculturalesanfrancesco.org\/site\/","name":"","description":"","potentialAction":[{"@type":"SearchAction","target":{"@type":"EntryPoint","urlTemplate":"https:\/\/circoloculturalesanfrancesco.org\/site\/?s={search_term_string}"},"query-input":"required name=search_term_string"}],"inLanguage":"it-IT"},{"@type":"ImageObject","@id":"https:\/\/circoloculturalesanfrancesco.org\/laboratorio-di-giornalismo-20142015\/#primaryimage","inLanguage":"it-IT","url":"https:\/\/circoloculturalesanfrancesco.org\/site\/wp-content\/uploads\/2014\/02\/Giornalismo.jpg","contentUrl":"https:\/\/circoloculturalesanfrancesco.org\/site\/wp-content\/uploads\/2014\/02\/Giornalismo.jpg","width":302,"height":167},{"@type":"WebPage","@id":"https:\/\/circoloculturalesanfrancesco.org\/laboratorio-di-giornalismo-20142015\/#webpage","url":"https:\/\/circoloculturalesanfrancesco.org\/laboratorio-di-giornalismo-20142015\/","name":"Laboratorio di giornalismo 2014\/2015 -","isPartOf":{"@id":"https:\/\/circoloculturalesanfrancesco.org\/site\/#website"},"primaryImageOfPage":{"@id":"https:\/\/circoloculturalesanfrancesco.org\/laboratorio-di-giornalismo-20142015\/#primaryimage"},"datePublished":"2014-02-07T03:18:33+00:00","dateModified":"2015-06-03T09:15:46+00:00","author":{"@id":"https:\/\/circoloculturalesanfrancesco.org\/site\/#\/schema\/person\/aaf2eff003877a067bad8f35656b0ec2"},"breadcrumb":{"@id":"https:\/\/circoloculturalesanfrancesco.org\/laboratorio-di-giornalismo-20142015\/#breadcrumb"},"inLanguage":"it-IT","potentialAction":[{"@type":"ReadAction","target":["https:\/\/circoloculturalesanfrancesco.org\/laboratorio-di-giornalismo-20142015\/"]}]},{"@type":"BreadcrumbList","@id":"https:\/\/circoloculturalesanfrancesco.org\/laboratorio-di-giornalismo-20142015\/#breadcrumb","itemListElement":[{"@type":"ListItem","position":1,"name":"Home","item":"https:\/\/circoloculturalesanfrancesco.org\/site\/"},{"@type":"ListItem","position":2,"name":"Laboratorio di giornalismo 2014\/2015"}]},{"@type":"Person","@id":"https:\/\/circoloculturalesanfrancesco.org\/site\/#\/schema\/person\/aaf2eff003877a067bad8f35656b0ec2","name":"admin","image":{"@type":"ImageObject","@id":"https:\/\/circoloculturalesanfrancesco.org\/site\/#personlogo","inLanguage":"it-IT","url":"https:\/\/secure.gravatar.com\/avatar\/4c528ef69a5e20c241fb0d2a3863e2fd?s=96&d=identicon&r=g","contentUrl":"https:\/\/secure.gravatar.com\/avatar\/4c528ef69a5e20c241fb0d2a3863e2fd?s=96&d=identicon&r=g","caption":"admin"},"sameAs":["http:\/\/www.circoloculturalesanfrancesco.org","https:\/\/www.facebook.com\/circoloculturalesanfrancescocatanzaro\/"],"url":"https:\/\/circoloculturalesanfrancesco.org\/site\/author\/panzulewicz\/"}]}},"_links":{"self":[{"href":"https:\/\/circoloculturalesanfrancesco.org\/site\/wp-json\/wp\/v2\/posts\/380"}],"collection":[{"href":"https:\/\/circoloculturalesanfrancesco.org\/site\/wp-json\/wp\/v2\/posts"}],"about":[{"href":"https:\/\/circoloculturalesanfrancesco.org\/site\/wp-json\/wp\/v2\/types\/post"}],"author":[{"embeddable":true,"href":"https:\/\/circoloculturalesanfrancesco.org\/site\/wp-json\/wp\/v2\/users\/8"}],"replies":[{"embeddable":true,"href":"https:\/\/circoloculturalesanfrancesco.org\/site\/wp-json\/wp\/v2\/comments?post=380"}],"version-history":[{"count":10,"href":"https:\/\/circoloculturalesanfrancesco.org\/site\/wp-json\/wp\/v2\/posts\/380\/revisions"}],"predecessor-version":[{"id":1845,"href":"https:\/\/circoloculturalesanfrancesco.org\/site\/wp-json\/wp\/v2\/posts\/380\/revisions\/1845"}],"wp:featuredmedia":[{"embeddable":true,"href":"https:\/\/circoloculturalesanfrancesco.org\/site\/wp-json\/wp\/v2\/media\/381"}],"wp:attachment":[{"href":"https:\/\/circoloculturalesanfrancesco.org\/site\/wp-json\/wp\/v2\/media?parent=380"}],"wp:term":[{"taxonomy":"category","embeddable":true,"href":"https:\/\/circoloculturalesanfrancesco.org\/site\/wp-json\/wp\/v2\/categories?post=380"},{"taxonomy":"post_tag","embeddable":true,"href":"https:\/\/circoloculturalesanfrancesco.org\/site\/wp-json\/wp\/v2\/tags?post=380"}],"curies":[{"name":"wp","href":"https:\/\/api.w.org\/{rel}","templated":true}]}}