{"id":350,"date":"2014-02-04T22:17:35","date_gmt":"2014-02-04T21:17:35","guid":{"rendered":"http:\/\/circoloculturalesanfrancesco.org\/?p=350"},"modified":"2014-03-12T09:46:53","modified_gmt":"2014-03-12T08:46:53","slug":"conversazioni-3","status":"publish","type":"post","link":"https:\/\/circoloculturalesanfrancesco.org\/site\/conversazioni-3\/","title":{"rendered":"Conversazioni &#8211; I edizione"},"content":{"rendered":"<div class=\"pdfprnt-buttons pdfprnt-buttons-post pdfprnt-top-right\"><a href=\"https:\/\/circoloculturalesanfrancesco.org\/site\/wp-json\/wp\/v2\/posts\/350?print=pdf\" class=\"pdfprnt-button pdfprnt-button-pdf\" target=\"_blank\"><img decoding=\"async\" src=\"https:\/\/circoloculturalesanfrancesco.org\/site\/wp-content\/plugins\/pdf-print\/images\/pdf.png\" alt=\"image_pdf\" title=\"Visualizza PDF\" \/><\/a><a href=\"https:\/\/circoloculturalesanfrancesco.org\/site\/wp-json\/wp\/v2\/posts\/350?print=print\" class=\"pdfprnt-button pdfprnt-button-print\" target=\"_blank\"><img decoding=\"async\" src=\"https:\/\/circoloculturalesanfrancesco.org\/site\/wp-content\/plugins\/pdf-print\/images\/print.png\" alt=\"image_print\" title=\"Stampa contenuto\" \/><\/a><\/div><p style=\"text-align: left;\"><b><i>Carissimo\/a<\/i><\/b>,\u00a0in certe stagioni della vita \u00e8 urgente trovare qualcuno che ascolti e dedichi tempo per l\u2019incontro, il dialogo, il cammino con te\u2026\u00a0 Eccoci una possibilit\u00e0.<\/p>\n<p>&nbsp;<\/p>\n<h2 align=\"center\"><span style=\"color: #008000;\"><i>\u2022 Conversazioni sanfrancescane<\/i><\/span><\/h2>\n<h2 align=\"center\"><strong><i style=\"font-size: 13px;\">A cura di Piotr Anzulewicz OFMConv<\/i><\/strong><\/h2>\n<p><b>1<\/b>. Francesco, il rivoluzionario di Ges\u00f9, pu\u00f2 scombussolarci? (Video a cura di Silvano Vinceti)<\/p>\n<p><b>2<\/b>. Perch\u00e9 osare riscoprire Francesco come progetto di vita? Un \u201cpovero\u201d, arricchito dall\u2019amore umile di Dio, da ricircolare? (<i>Da Assisi il tenore del futuro<\/i> \u2013 <a href=\"http:\/\/youtu.be\/VVylkD6SVuM\">http:\/\/youtu.be\/VVylkD6SVuM<\/a>)<\/p>\n<p><b>3<\/b>. Francesco, in cammino verso un\u2019etica dell\u2019ospitalit\u00e0. \u00c8 possibile una relazione ospitale, armonica, rispettosa con il proprio corpo, con gli altri e con le cose, rispettando la ricchezza della diversit\u00e0? (Fra Alessandro: <i>Pater Noster<\/i> \u2013 <a href=\"http:\/\/youtu.be\/9WAbpbVMulE\">http:\/\/youtu.be\/9WAbpbVMulE<\/a>)<\/p>\n<p><b>4<\/b>. Perch\u00e9 per Francesco la povert\u00e0 \u00e8 cos\u00ec importante? Economia del dono e della giustizia (<i>Nella tua storia il dono<\/i> \u2013 <a href=\"http:\/\/youtu.be\/2w3mqrBFQmM\">http:\/\/youtu.be\/2w3mqrBFQmM<\/a>)<\/p>\n<p><strong>5<\/strong>. Francesco pu\u00f2 servire da ispirazione e da segno profetico per un\u2019umanit\u00e0 riconciliata, pacifica e rispettosa del creato? L\u2019utopia della fratellanza universale e dell\u2019ecologia planetaria. Da lupo feroce a \u201cfrate lupo\u201d (Fra Alessandro: <i>Fratello Sole, Sorella<\/i> <i>Luna<\/i> \u2013 <a href=\"http:\/\/youtu.be\/fxqVVy0nJYQ\">http:\/\/youtu.be\/fxqVVy0nJYQ<\/a>)<\/p>\n<p><b>6<\/b>. Francesco, la pazzia dell\u2019incontro con i \u201clebbrosi\u201d di oggi? Solidariet\u00e0 con i diversi\/ultimi\/poveri per il loro riscatto (<i>Con il cuore nel nome di Francesco<\/i> \u2013 <a href=\"http:\/\/youtu.be\/r8TVm6_g4v0\">http:\/\/youtu.be\/r8TVm6_g4v0<\/a>)<\/p>\n<p><b>7<\/b>. Chiesa di Francesco: popolo di pellegrini incamminati verso l\u2019assoluto del Regno (Papa Francesco: <i>Nessuno \u00e8 inutile nella Chiesa<\/i> \u2013 <a href=\"http:\/\/youtu.be\/xaDE8VzFaJQ\">http:\/\/youtu.be\/xaDE8VzFaJQ<\/a>)<\/p>\n<p><b>8<\/b>. Quanto i giovani possono essere \u201cvicini\u201d o \u201clontani\u201d dallo spirito di Francesco? (Papa Francesco: <i>Abbiate il coraggio di scelte durature<\/i> \u2013 <a href=\"http:\/\/youtu.be\/Zv4d_xGGyZE\">http:\/\/youtu.be\/Zv4d_xGGyZE<\/a>)<\/p>\n<p><b>9<\/b>. Lavoro, finanze ed identit\u00e0 nella logica sanfrancescana del dono (Fra Alessandro: <i>Panis Angelicus<\/i> \u2013 <a href=\"http:\/\/youtu.be\/tufbM2TJoBs\">http:\/\/youtu.be\/tufbM2TJoBs<\/a>)<\/p>\n<p><b>10<\/b>. Francesco e la donna: una provocazione salutare. Jacopa dei Sette Soli e Chiara: il femminile votato al Vangelo e chiamato a \u201cinsegnare l\u2019amore\u201d (Benedetto XVI: <i>S. Chiara donna moderna nel Medioevo<\/i> \u2013 <a href=\"http:\/\/youtu.be\/F4lh1y2roHo\">http:\/\/youtu.be\/F4lh1y2roHo<\/a>; Papa Francesco: <i>Donne hanno ruolo fondamentale nel cammino della fede<\/i> \u2013 <a href=\"http:\/\/youtu.be\/djggrnnMrhg\">http:\/\/youtu.be\/djggrnnMrhg<\/a>)<\/p>\n<p>&nbsp;<\/p>\n<h2 align=\"center\"><span style=\"color: #008000;\"><b><i>\u2022 Conversazioni sacro-profane<\/i><\/b><\/span><\/h2>\n<p align=\"center\"><strong><i>A cura di Dr. Sergio Basile, economista, d<\/i><i>irettore<\/i><i> del quotidiano online \u00abQui Europa\u00bb, vicedirettore del Circolo<\/i><\/strong><i><\/i><\/p>\n<p><b>1<\/b>. Il mito, il rito e il simbolo, costanti del sacro, studiati da Julien Ries, possono aiutare l\u2019uomo di oggi nella sua risposta di fede? (Francesco Celestino OFMConv, Custode provinciale di Calabria)<\/p>\n<p><b>2<\/b>. Iperimmigrazione (Origini e strategie)<\/p>\n<p><b>3<\/b>. Siria e guerra in Medio Oriente: non chiamatele missioni di pace<\/p>\n<p><b>4<\/b>. MES: la dittatura europea e la debitocrazia. Sistema Target 2 e predominio industriale tedesco sull&#8217;Eurozona (Video: <i>I demoni del denaro<\/i>)<\/p>\n<p><b>5<\/b>. Sistema bancario, moneta e sovranit\u00e0 monetaria rubata: dietro la crisi, truffa dell&#8217;Eurozona. Le rivoluzionarie teorie del prof. Giacinto Auriti<\/p>\n<p><b>6<\/b>. La storia non raccontata: falsificazioni storiche e luoghi comuni da sfatare. Il piano Dullas e le guerre mondiali<\/p>\n<p><b>7<\/b>. Illuminati e nuovo ordine mondiale: il piano per ridurre i commensali nel pianeta Terra. Osservazioni dell&#8217;allora card. Joseph Ratzinger e Prefazione al libro del prof. mons. Michel Schooyans<\/p>\n<p><b>8<\/b>. Musica e messaggi subliminali: come l&#8217;\u00e9lite mondialista controlla i giovani<\/p>\n<p><b>9<\/b>. Troika: come BCE, Commissione Ue e FMI rubano la sovranit\u00e0 agli Stati e li annientano con le loro politiche debitocratiche e iperliberiste. Due casi emblematici: Romania e Grecia<\/p>\n<p><b>10<\/b>. Chiesa oggi: la lotta tra modernisti e tradizionalisti e gli attacchi della Massoneria internazionale (Testimonianza di Padre Gabriele Amorth)<\/p>\n<p>&nbsp;<\/p>\n<h2 align=\"center\"><span style=\"color: #008000;\"><b>Dove?<\/b><\/span><\/h2>\n<p align=\"center\">Nella Sede del \u00abCircolo Culturale San Francesco\u00bb<\/p>\n<p align=\"center\">al lato destro della chiesa \u00abSacro Cuore\u00bb<\/p>\n<p align=\"center\"><b><span style=\"text-decoration: underline;\">Viale Crotone, 55 \u2013 Catanzaro Lido<\/span><\/b><\/p>\n<p>&nbsp;<\/p>\n<h2 align=\"center\"><span style=\"color: #008000;\"><b>Quando?<\/b><\/span><\/h2>\n<p align=\"center\">Tutti i <b>venerd\u00ec<\/b>, dalle ore <b>18.30<\/b>, a partire dal <b>10 gennaio 2014<\/b><\/p>\n<p align=\"center\">Non ci sono soluzioni magiche e ricette preconfezionate. C\u2019\u00e8 solo il desiderio di incontrarci e confrontarci, dialogare e camminare insieme. Se vuoi, puoi offrirti questo dono.<\/p>\n<p align=\"center\">Che Francesco e Chiara ci accompagnino e incoraggino in questa difficile &#8216;impresa&#8217;, fucina d\u2019incontri significativi tra persone giovani e mature. Sia per noi, questa speranza <i>input<\/i> ad andare avanti, senza scoraggiarci per le eventuali difficolt\u00e0 iniziali, consapevoli che questa Parrocchia ha urgente necessit\u00e0 di un punto di aggregazione sia per i giovani che per gli adulti. La Madre divina, suo Figlio e Francesco ci accompagnino e sorreggano in tale impresa!<\/p>\n<p align=\"center\">Ti aspettiamo.<\/p>\n<p align=\"center\">Staff<\/p>\n","protected":false},"excerpt":{"rendered":"<p>Carissimo\/a,\u00a0in certe stagioni della vita \u00e8 urgente trovare qualcuno che ascolti e dedichi tempo per l\u2019incontro, il dialogo, il cammino con te\u2026\u00a0 Eccoci una possibilit\u00e0. &nbsp; \u2022 Conversazioni sanfrancescane A cura di Piotr Anzulewicz&#46;&#46;&#46;<\/p>\n","protected":false},"author":8,"featured_media":359,"comment_status":"open","ping_status":"closed","sticky":false,"template":"","format":"standard","meta":{"ngg_post_thumbnail":0,"footnotes":""},"categories":[8,32],"tags":[19,12,11,13],"yoast_head":"<!-- This site is optimized with the Yoast SEO plugin v18.3 - https:\/\/yoast.com\/wordpress\/plugins\/seo\/ -->\n<title>Conversazioni - I edizione -<\/title>\n<meta name=\"description\" content=\"Incontri-dibattiti sulle grandi tematiche che ci riguardano: sovranit\u00e0 monetaria, questione mediorientale, iperimmigrazione, deriva liberticida del progetto &quot;UE&quot;, evoluzione e paradossi del sistema bancario, OGM, tempi oscuri che sta vivendo tutta l&#039;umanit\u00e0, esempi e modelli alternativi proposti alle nuove generazioni sulle orme di s. Francesco d&#039;Assisi ecc.\" \/>\n<meta name=\"robots\" content=\"index, follow, max-snippet:-1, max-image-preview:large, max-video-preview:-1\" \/>\n<link rel=\"canonical\" href=\"https:\/\/circoloculturalesanfrancesco.org\/conversazioni-3\/\" \/>\n<meta property=\"og:locale\" content=\"it_IT\" \/>\n<meta property=\"og:type\" content=\"article\" \/>\n<meta property=\"og:title\" content=\"Conversazioni - I edizione -\" \/>\n<meta property=\"og:description\" content=\"Incontri-dibattiti sulle grandi tematiche che ci riguardano: sovranit\u00e0 monetaria, questione mediorientale, iperimmigrazione, deriva liberticida del progetto &quot;UE&quot;, evoluzione e paradossi del sistema bancario, OGM, tempi oscuri che sta vivendo tutta l&#039;umanit\u00e0, esempi e modelli alternativi proposti alle nuove generazioni sulle orme di s. Francesco d&#039;Assisi ecc.\" \/>\n<meta property=\"og:url\" content=\"https:\/\/circoloculturalesanfrancesco.org\/conversazioni-3\/\" \/>\n<meta property=\"article:author\" content=\"https:\/\/www.facebook.com\/circoloculturalesanfrancescocatanzaro\/\" \/>\n<meta property=\"article:published_time\" content=\"2014-02-04T21:17:35+00:00\" \/>\n<meta property=\"article:modified_time\" content=\"2014-03-12T08:46:53+00:00\" \/>\n<meta property=\"og:image\" content=\"https:\/\/circoloculturalesanfrancesco.org\/site\/wp-content\/uploads\/2014\/02\/Francesco-al-tavolo-e1394613825842.jpg\" \/>\n\t<meta property=\"og:image:width\" content=\"269\" \/>\n\t<meta property=\"og:image:height\" content=\"187\" \/>\n\t<meta property=\"og:image:type\" content=\"image\/jpeg\" \/>\n<meta name=\"twitter:label1\" content=\"Scritto da\" \/>\n\t<meta name=\"twitter:data1\" content=\"admin\" \/>\n\t<meta name=\"twitter:label2\" content=\"Tempo di lettura stimato\" \/>\n\t<meta name=\"twitter:data2\" content=\"3 minuti\" \/>\n<script type=\"application\/ld+json\" class=\"yoast-schema-graph\">{\"@context\":\"https:\/\/schema.org\",\"@graph\":[{\"@type\":\"WebSite\",\"@id\":\"https:\/\/circoloculturalesanfrancesco.org\/site\/#website\",\"url\":\"https:\/\/circoloculturalesanfrancesco.org\/site\/\",\"name\":\"\",\"description\":\"\",\"potentialAction\":[{\"@type\":\"SearchAction\",\"target\":{\"@type\":\"EntryPoint\",\"urlTemplate\":\"https:\/\/circoloculturalesanfrancesco.org\/site\/?s={search_term_string}\"},\"query-input\":\"required name=search_term_string\"}],\"inLanguage\":\"it-IT\"},{\"@type\":\"ImageObject\",\"@id\":\"https:\/\/circoloculturalesanfrancesco.org\/conversazioni-3\/#primaryimage\",\"inLanguage\":\"it-IT\",\"url\":\"https:\/\/circoloculturalesanfrancesco.org\/site\/wp-content\/uploads\/2014\/02\/Francesco-al-tavolo-e1394613825842.jpg\",\"contentUrl\":\"https:\/\/circoloculturalesanfrancesco.org\/site\/wp-content\/uploads\/2014\/02\/Francesco-al-tavolo-e1394613825842.jpg\",\"width\":269,\"height\":187},{\"@type\":\"WebPage\",\"@id\":\"https:\/\/circoloculturalesanfrancesco.org\/conversazioni-3\/#webpage\",\"url\":\"https:\/\/circoloculturalesanfrancesco.org\/conversazioni-3\/\",\"name\":\"Conversazioni - I edizione -\",\"isPartOf\":{\"@id\":\"https:\/\/circoloculturalesanfrancesco.org\/site\/#website\"},\"primaryImageOfPage\":{\"@id\":\"https:\/\/circoloculturalesanfrancesco.org\/conversazioni-3\/#primaryimage\"},\"datePublished\":\"2014-02-04T21:17:35+00:00\",\"dateModified\":\"2014-03-12T08:46:53+00:00\",\"author\":{\"@id\":\"https:\/\/circoloculturalesanfrancesco.org\/site\/#\/schema\/person\/aaf2eff003877a067bad8f35656b0ec2\"},\"description\":\"Incontri-dibattiti sulle grandi tematiche che ci riguardano: sovranit\u00e0 monetaria, questione mediorientale, iperimmigrazione, deriva liberticida del progetto \\\"UE\\\", evoluzione e paradossi del sistema bancario, OGM, tempi oscuri che sta vivendo tutta l'umanit\u00e0, esempi e modelli alternativi proposti alle nuove generazioni sulle orme di s. Francesco d'Assisi ecc.\",\"breadcrumb\":{\"@id\":\"https:\/\/circoloculturalesanfrancesco.org\/conversazioni-3\/#breadcrumb\"},\"inLanguage\":\"it-IT\",\"potentialAction\":[{\"@type\":\"ReadAction\",\"target\":[\"https:\/\/circoloculturalesanfrancesco.org\/conversazioni-3\/\"]}]},{\"@type\":\"BreadcrumbList\",\"@id\":\"https:\/\/circoloculturalesanfrancesco.org\/conversazioni-3\/#breadcrumb\",\"itemListElement\":[{\"@type\":\"ListItem\",\"position\":1,\"name\":\"Home\",\"item\":\"https:\/\/circoloculturalesanfrancesco.org\/site\/\"},{\"@type\":\"ListItem\",\"position\":2,\"name\":\"Conversazioni &#8211; I edizione\"}]},{\"@type\":\"Person\",\"@id\":\"https:\/\/circoloculturalesanfrancesco.org\/site\/#\/schema\/person\/aaf2eff003877a067bad8f35656b0ec2\",\"name\":\"admin\",\"image\":{\"@type\":\"ImageObject\",\"@id\":\"https:\/\/circoloculturalesanfrancesco.org\/site\/#personlogo\",\"inLanguage\":\"it-IT\",\"url\":\"https:\/\/secure.gravatar.com\/avatar\/4c528ef69a5e20c241fb0d2a3863e2fd?s=96&d=identicon&r=g\",\"contentUrl\":\"https:\/\/secure.gravatar.com\/avatar\/4c528ef69a5e20c241fb0d2a3863e2fd?s=96&d=identicon&r=g\",\"caption\":\"admin\"},\"sameAs\":[\"http:\/\/www.circoloculturalesanfrancesco.org\",\"https:\/\/www.facebook.com\/circoloculturalesanfrancescocatanzaro\/\"],\"url\":\"https:\/\/circoloculturalesanfrancesco.org\/site\/author\/panzulewicz\/\"}]}<\/script>\n<!-- \/ Yoast SEO plugin. -->","yoast_head_json":{"title":"Conversazioni - I edizione -","description":"Incontri-dibattiti sulle grandi tematiche che ci riguardano: sovranit\u00e0 monetaria, questione mediorientale, iperimmigrazione, deriva liberticida del progetto \"UE\", evoluzione e paradossi del sistema bancario, OGM, tempi oscuri che sta vivendo tutta l'umanit\u00e0, esempi e modelli alternativi proposti alle nuove generazioni sulle orme di s. Francesco d'Assisi ecc.","robots":{"index":"index","follow":"follow","max-snippet":"max-snippet:-1","max-image-preview":"max-image-preview:large","max-video-preview":"max-video-preview:-1"},"canonical":"https:\/\/circoloculturalesanfrancesco.org\/conversazioni-3\/","og_locale":"it_IT","og_type":"article","og_title":"Conversazioni - I edizione -","og_description":"Incontri-dibattiti sulle grandi tematiche che ci riguardano: sovranit\u00e0 monetaria, questione mediorientale, iperimmigrazione, deriva liberticida del progetto \"UE\", evoluzione e paradossi del sistema bancario, OGM, tempi oscuri che sta vivendo tutta l'umanit\u00e0, esempi e modelli alternativi proposti alle nuove generazioni sulle orme di s. Francesco d'Assisi ecc.","og_url":"https:\/\/circoloculturalesanfrancesco.org\/conversazioni-3\/","article_author":"https:\/\/www.facebook.com\/circoloculturalesanfrancescocatanzaro\/","article_published_time":"2014-02-04T21:17:35+00:00","article_modified_time":"2014-03-12T08:46:53+00:00","og_image":[{"width":269,"height":187,"url":"https:\/\/circoloculturalesanfrancesco.org\/site\/wp-content\/uploads\/2014\/02\/Francesco-al-tavolo-e1394613825842.jpg","type":"image\/jpeg"}],"twitter_misc":{"Scritto da":"admin","Tempo di lettura stimato":"3 minuti"},"schema":{"@context":"https:\/\/schema.org","@graph":[{"@type":"WebSite","@id":"https:\/\/circoloculturalesanfrancesco.org\/site\/#website","url":"https:\/\/circoloculturalesanfrancesco.org\/site\/","name":"","description":"","potentialAction":[{"@type":"SearchAction","target":{"@type":"EntryPoint","urlTemplate":"https:\/\/circoloculturalesanfrancesco.org\/site\/?s={search_term_string}"},"query-input":"required name=search_term_string"}],"inLanguage":"it-IT"},{"@type":"ImageObject","@id":"https:\/\/circoloculturalesanfrancesco.org\/conversazioni-3\/#primaryimage","inLanguage":"it-IT","url":"https:\/\/circoloculturalesanfrancesco.org\/site\/wp-content\/uploads\/2014\/02\/Francesco-al-tavolo-e1394613825842.jpg","contentUrl":"https:\/\/circoloculturalesanfrancesco.org\/site\/wp-content\/uploads\/2014\/02\/Francesco-al-tavolo-e1394613825842.jpg","width":269,"height":187},{"@type":"WebPage","@id":"https:\/\/circoloculturalesanfrancesco.org\/conversazioni-3\/#webpage","url":"https:\/\/circoloculturalesanfrancesco.org\/conversazioni-3\/","name":"Conversazioni - I edizione -","isPartOf":{"@id":"https:\/\/circoloculturalesanfrancesco.org\/site\/#website"},"primaryImageOfPage":{"@id":"https:\/\/circoloculturalesanfrancesco.org\/conversazioni-3\/#primaryimage"},"datePublished":"2014-02-04T21:17:35+00:00","dateModified":"2014-03-12T08:46:53+00:00","author":{"@id":"https:\/\/circoloculturalesanfrancesco.org\/site\/#\/schema\/person\/aaf2eff003877a067bad8f35656b0ec2"},"description":"Incontri-dibattiti sulle grandi tematiche che ci riguardano: sovranit\u00e0 monetaria, questione mediorientale, iperimmigrazione, deriva liberticida del progetto \"UE\", evoluzione e paradossi del sistema bancario, OGM, tempi oscuri che sta vivendo tutta l'umanit\u00e0, esempi e modelli alternativi proposti alle nuove generazioni sulle orme di s. Francesco d'Assisi ecc.","breadcrumb":{"@id":"https:\/\/circoloculturalesanfrancesco.org\/conversazioni-3\/#breadcrumb"},"inLanguage":"it-IT","potentialAction":[{"@type":"ReadAction","target":["https:\/\/circoloculturalesanfrancesco.org\/conversazioni-3\/"]}]},{"@type":"BreadcrumbList","@id":"https:\/\/circoloculturalesanfrancesco.org\/conversazioni-3\/#breadcrumb","itemListElement":[{"@type":"ListItem","position":1,"name":"Home","item":"https:\/\/circoloculturalesanfrancesco.org\/site\/"},{"@type":"ListItem","position":2,"name":"Conversazioni &#8211; I edizione"}]},{"@type":"Person","@id":"https:\/\/circoloculturalesanfrancesco.org\/site\/#\/schema\/person\/aaf2eff003877a067bad8f35656b0ec2","name":"admin","image":{"@type":"ImageObject","@id":"https:\/\/circoloculturalesanfrancesco.org\/site\/#personlogo","inLanguage":"it-IT","url":"https:\/\/secure.gravatar.com\/avatar\/4c528ef69a5e20c241fb0d2a3863e2fd?s=96&d=identicon&r=g","contentUrl":"https:\/\/secure.gravatar.com\/avatar\/4c528ef69a5e20c241fb0d2a3863e2fd?s=96&d=identicon&r=g","caption":"admin"},"sameAs":["http:\/\/www.circoloculturalesanfrancesco.org","https:\/\/www.facebook.com\/circoloculturalesanfrancescocatanzaro\/"],"url":"https:\/\/circoloculturalesanfrancesco.org\/site\/author\/panzulewicz\/"}]}},"_links":{"self":[{"href":"https:\/\/circoloculturalesanfrancesco.org\/site\/wp-json\/wp\/v2\/posts\/350"}],"collection":[{"href":"https:\/\/circoloculturalesanfrancesco.org\/site\/wp-json\/wp\/v2\/posts"}],"about":[{"href":"https:\/\/circoloculturalesanfrancesco.org\/site\/wp-json\/wp\/v2\/types\/post"}],"author":[{"embeddable":true,"href":"https:\/\/circoloculturalesanfrancesco.org\/site\/wp-json\/wp\/v2\/users\/8"}],"replies":[{"embeddable":true,"href":"https:\/\/circoloculturalesanfrancesco.org\/site\/wp-json\/wp\/v2\/comments?post=350"}],"version-history":[{"count":13,"href":"https:\/\/circoloculturalesanfrancesco.org\/site\/wp-json\/wp\/v2\/posts\/350\/revisions"}],"predecessor-version":[{"id":358,"href":"https:\/\/circoloculturalesanfrancesco.org\/site\/wp-json\/wp\/v2\/posts\/350\/revisions\/358"}],"wp:featuredmedia":[{"embeddable":true,"href":"https:\/\/circoloculturalesanfrancesco.org\/site\/wp-json\/wp\/v2\/media\/359"}],"wp:attachment":[{"href":"https:\/\/circoloculturalesanfrancesco.org\/site\/wp-json\/wp\/v2\/media?parent=350"}],"wp:term":[{"taxonomy":"category","embeddable":true,"href":"https:\/\/circoloculturalesanfrancesco.org\/site\/wp-json\/wp\/v2\/categories?post=350"},{"taxonomy":"post_tag","embeddable":true,"href":"https:\/\/circoloculturalesanfrancesco.org\/site\/wp-json\/wp\/v2\/tags?post=350"}],"curies":[{"name":"wp","href":"https:\/\/api.w.org\/{rel}","templated":true}]}}