{"id":2876,"date":"2016-03-13T16:11:43","date_gmt":"2016-03-13T15:11:43","guid":{"rendered":"http:\/\/circoloculturalesanfrancesco.org\/?p=2876"},"modified":"2016-03-13T19:43:18","modified_gmt":"2016-03-13T18:43:18","slug":"una-citta-accogliente","status":"publish","type":"post","link":"https:\/\/circoloculturalesanfrancesco.org\/site\/una-citta-accogliente\/","title":{"rendered":"Una citt\u00e0 accogliente?"},"content":{"rendered":"<div class=\"pdfprnt-buttons pdfprnt-buttons-post pdfprnt-top-right\"><a href=\"https:\/\/circoloculturalesanfrancesco.org\/site\/wp-json\/wp\/v2\/posts\/2876?print=pdf\" class=\"pdfprnt-button pdfprnt-button-pdf\" target=\"_blank\"><img decoding=\"async\" src=\"https:\/\/circoloculturalesanfrancesco.org\/site\/wp-content\/plugins\/pdf-print\/images\/pdf.png\" alt=\"image_pdf\" title=\"Visualizza PDF\" \/><\/a><a href=\"https:\/\/circoloculturalesanfrancesco.org\/site\/wp-json\/wp\/v2\/posts\/2876?print=print\" class=\"pdfprnt-button pdfprnt-button-print\" target=\"_blank\"><img decoding=\"async\" src=\"https:\/\/circoloculturalesanfrancesco.org\/site\/wp-content\/plugins\/pdf-print\/images\/print.png\" alt=\"image_print\" title=\"Stampa contenuto\" \/><\/a><\/div><p style=\"text-align: justify;\"><a href=\"https:\/\/circoloculturalesanfrancesco.org\/site\/wp-content\/uploads\/2016\/03\/4\u00aa-Serata-II.jpg\" rel=\"attachment wp-att-2877\"><img loading=\"lazy\" decoding=\"async\" class=\"alignright size-thumbnail wp-image-2877\" src=\"https:\/\/circoloculturalesanfrancesco.org\/site\/wp-content\/uploads\/2016\/03\/4\u00aa-Serata-II-150x150.jpg\" alt=\"4\u00aa Serata (II)\" width=\"150\" height=\"150\" srcset=\"https:\/\/circoloculturalesanfrancesco.org\/site\/wp-content\/uploads\/2016\/03\/4\u00aa-Serata-II-150x150.jpg 150w, https:\/\/circoloculturalesanfrancesco.org\/site\/wp-content\/uploads\/2016\/03\/4\u00aa-Serata-II-66x66.jpg 66w\" sizes=\"(max-width: 150px) 100vw, 150px\" \/><\/a>Venerd\u00ec 11 marzo, presso il Salone \u00abS. Elisabetta di Ungheria\u00bb, situato al lato destro della chiesa \u00abSacro Cuore\u00bb di Catanzaro Lido, si \u00e8 svolta la 4\u00aa Serata conviviale con aperitivo dal titolo: \u00abCatanzaro: citt\u00e0 dalle cinque porte \u2013 &#8216;passione\u2019 dell&#8217;accoglienza?\u00bb, aperta a tutti, promossa dal Circolo Culturale San Francesco e patrocinata dal Parroco, nell\u2019ambito della 2\u00aa edizione del <em>Wiki<\/em>Circolo focalizzata su \u00abCatanzaro ed oltre\u00bb, nel solco dell\u2019Anno straordinario della Misericordia. Relatore della Serata \u00e8 stato l&#8217;avv. Peppino Frontera che ne \u00e8 anche il curatore, insieme con lo Staff.<\/p>\n<p style=\"text-align: justify;\"><a href=\"https:\/\/circoloculturalesanfrancesco.org\/site\/wp-content\/uploads\/2016\/03\/porta-di-lampedusa.jpg\" rel=\"attachment wp-att-2878\"><img loading=\"lazy\" decoding=\"async\" class=\"alignleft size-thumbnail wp-image-2878\" src=\"https:\/\/circoloculturalesanfrancesco.org\/site\/wp-content\/uploads\/2016\/03\/porta-di-lampedusa-150x150.jpg\" alt=\"porta-di-lampedusa\" width=\"150\" height=\"150\" srcset=\"https:\/\/circoloculturalesanfrancesco.org\/site\/wp-content\/uploads\/2016\/03\/porta-di-lampedusa-150x150.jpg 150w, https:\/\/circoloculturalesanfrancesco.org\/site\/wp-content\/uploads\/2016\/03\/porta-di-lampedusa-66x66.jpg 66w\" sizes=\"(max-width: 150px) 100vw, 150px\" \/><\/a><a href=\"https:\/\/circoloculturalesanfrancesco.org\/site\/wp-content\/uploads\/2016\/03\/porta_santain-san-pietro-particolare.jpg\" rel=\"attachment wp-att-2879\"><img loading=\"lazy\" decoding=\"async\" class=\"size-thumbnail wp-image-2879 alignleft\" src=\"https:\/\/circoloculturalesanfrancesco.org\/site\/wp-content\/uploads\/2016\/03\/porta_santain-san-pietro-particolare-150x150.jpg\" alt=\"porta_santain san pietro (particolare)\" width=\"150\" height=\"150\" srcset=\"https:\/\/circoloculturalesanfrancesco.org\/site\/wp-content\/uploads\/2016\/03\/porta_santain-san-pietro-particolare-150x150.jpg 150w, https:\/\/circoloculturalesanfrancesco.org\/site\/wp-content\/uploads\/2016\/03\/porta_santain-san-pietro-particolare-300x300.jpg 300w, https:\/\/circoloculturalesanfrancesco.org\/site\/wp-content\/uploads\/2016\/03\/porta_santain-san-pietro-particolare-100x100.jpg 100w, https:\/\/circoloculturalesanfrancesco.org\/site\/wp-content\/uploads\/2016\/03\/porta_santain-san-pietro-particolare-66x66.jpg 66w, https:\/\/circoloculturalesanfrancesco.org\/site\/wp-content\/uploads\/2016\/03\/porta_santain-san-pietro-particolare-77x77.jpg 77w, https:\/\/circoloculturalesanfrancesco.org\/site\/wp-content\/uploads\/2016\/03\/porta_santain-san-pietro-particolare.jpg 387w\" sizes=\"(max-width: 150px) 100vw, 150px\" \/><\/a>Malgrado il clima atmosferico avverso, si \u00e8 registrata una buona affluenza all&#8217;evento, complice l&#8217;argomento trattato: notizie inedite sulla citt\u00e0 di Catanzaro che ne attirano gli estimatori. La dott.ssa Teresa Cona, segretaria del Circolo, ha introdotta la Serata con brevi cenni sul significato della \u00abporta\u00bb. \u00abNelle diverse culture \u2013 ha detto \u2013 la porta rappresenta la separazione o la comunicazione tra i due ambiti\u00bb: l\u2019esterno e l\u2019interno, il noto e l&#8217;ignoto, il profano e il sacro. \u00c8 soglia, confine, limite, luogo di passaggio, di separazione, di esclusione o di accoglienza. \u00c8 anche un invito a passare dal mondo presente a quello futuro, divino, eterno. Tutta la storia della salvezza \u00e8 collocata tra due porte: la porta del Paradiso, da cui Adamo ed Eva ne furono scacciati, dopo il peccato originale, e la porta della Gerusalemme celeste, attraverso la quale si entrer\u00e0 nella pienezza di vita. Comunque, tutte le porte, di cui parla la Bibbia, svaniscono davanti alla Porta per eccellenza: Ges\u00f9 Cristo (cfr. Gv 10,9). Egli, tra le tante porte da tenere aperte, \u00e8 la porta pi\u00f9 promettente, perch\u00e9 conduce all\u2019abbraccio dell\u2019amore misericordioso del Padre. Molti sono dunque i significati attribuiti alla porta: culturali, biblico-teologici, liturgici, architettonici.<\/p>\n<p style=\"text-align: justify;\"><a href=\"https:\/\/circoloculturalesanfrancesco.org\/site\/wp-content\/uploads\/2016\/03\/IMG_0021-2.jpg\" rel=\"attachment wp-att-2882\"><img loading=\"lazy\" decoding=\"async\" class=\"alignleft size-thumbnail wp-image-2882\" src=\"https:\/\/circoloculturalesanfrancesco.org\/site\/wp-content\/uploads\/2016\/03\/IMG_0021-2-150x150.jpg\" alt=\"IMG_0021 (2)\" width=\"150\" height=\"150\" srcset=\"https:\/\/circoloculturalesanfrancesco.org\/site\/wp-content\/uploads\/2016\/03\/IMG_0021-2-150x150.jpg 150w, https:\/\/circoloculturalesanfrancesco.org\/site\/wp-content\/uploads\/2016\/03\/IMG_0021-2-300x300.jpg 300w, https:\/\/circoloculturalesanfrancesco.org\/site\/wp-content\/uploads\/2016\/03\/IMG_0021-2-768x768.jpg 768w, https:\/\/circoloculturalesanfrancesco.org\/site\/wp-content\/uploads\/2016\/03\/IMG_0021-2-1024x1024.jpg 1024w, https:\/\/circoloculturalesanfrancesco.org\/site\/wp-content\/uploads\/2016\/03\/IMG_0021-2-100x100.jpg 100w, https:\/\/circoloculturalesanfrancesco.org\/site\/wp-content\/uploads\/2016\/03\/IMG_0021-2-66x66.jpg 66w, https:\/\/circoloculturalesanfrancesco.org\/site\/wp-content\/uploads\/2016\/03\/IMG_0021-2-77x77.jpg 77w\" sizes=\"(max-width: 150px) 100vw, 150px\" \/><\/a>Di porte architettoniche catanzaresi ha parlato poi, con viva partecipazione, l&#8217;avv. Frontera. Catanzaro fu costruita come una citt\u00e0-fortezza, con torri, bastioni e porte civiche, racchiusa in una cinta muraria di 7 km. Era in grado di resistere anche a lunghi assedi. Le porte di accesso erano cinque o addirittura sei. La porta principale, detta &#8216;granara&#8217; o &#8216;marinara&#8217;, garantiva l&#8217;accesso dalla costa ed era utilizzata per il commercio del frumento. La porta di S. Giovanni, chiamata \u2018castellana\u2019 o episcopale e posizionata nell&#8217;attuale Piazza Matteotti, aveva tre entrate provviste di catene, poich\u00e9 c&#8217;era il dazio. La porta di S. Agostino, detta \u2018pratica\u2019, consentiva l&#8217;accesso da Occidente al rione Paradiso (oggi quartiere Case Arse). La porta \u2018strato&#8217; (dal greco: \u00abocculto\u00bb) o \u2018tubulo\u2019, situata nell&#8217;omonimo quartiere, era invece una porta civica. Per la porta del \u2018gallinaio\u2019 e la porta \u2018silana\u2019 passava il bestiame. Le porte che sono sopravvissute parzialmente ai secoli e all&#8217;incuria sono quella di \u2018strato&#8217; e quella di S. Agostino.<\/p>\n<p style=\"text-align: justify;\">Il Relatore ha messo in evidenza come la citt\u00e0 da sempre \u00e8 stata ospitale. Ad esempio, ha dato la possibilit\u00e0 a Israeliti di integrarsi in modo da poter aver riconosciuti privilegi e diritti come anche doveri, equiparandoli ai cittadini catanzaresi. Lo stesso trattamento ha riservato agli amalfitani ed ai siciliani. Oggi la memoria deve essere capace di fare i conti con l\u2019oblio.<\/p>\n<p style=\"text-align: justify;\"><a href=\"https:\/\/circoloculturalesanfrancesco.org\/site\/wp-content\/uploads\/2016\/03\/Rifugiati.jpg\" rel=\"attachment wp-att-2881\"><img loading=\"lazy\" decoding=\"async\" class=\"alignright size-thumbnail wp-image-2881\" src=\"https:\/\/circoloculturalesanfrancesco.org\/site\/wp-content\/uploads\/2016\/03\/Rifugiati-150x150.jpg\" alt=\"Rifugiati\" width=\"150\" height=\"150\" srcset=\"https:\/\/circoloculturalesanfrancesco.org\/site\/wp-content\/uploads\/2016\/03\/Rifugiati-150x150.jpg 150w, https:\/\/circoloculturalesanfrancesco.org\/site\/wp-content\/uploads\/2016\/03\/Rifugiati-66x66.jpg 66w\" sizes=\"(max-width: 150px) 100vw, 150px\" \/><\/a>Serata davvero interessante, quella di venerd\u00ec! Al termine si \u00e8 aperto uno scambio di opinioni tra il Relatore e i presenti. Molte sono state le domande e le integrazioni. Le nostre citt\u00e0 sono spazi complessi e spesso contradditori: includono e nello stesso tempo escludono. Alcune voci ponevano dunque il problema di come sviluppare la cultura dell\u2019accoglienza e dell\u2019ospitalit\u00e0, problema che ha profili culturali, organizzativi e professionali. La proposta che \u00e8 stata rilanciata \u00e8 quella di rendere evidenti i contenuti del principio di prossimit\u00e0 e di incontro, e di trasferirli all\u2019interno di un atto formale che ogni citt\u00e0 dovrebbe adattare al proprio profilo. Essa potrebbe chiamarsi \u00abCarta dell\u2019Accoglienza\u00bb. La citt\u00e0 \u00e8 sempre accogliente con gli extracomunitari, perch\u00e9 non si lascia possedere da una sola comunit\u00e0.<\/p>\n<p style=\"text-align: justify;\"><a href=\"https:\/\/circoloculturalesanfrancesco.org\/site\/wp-content\/uploads\/2016\/02\/Porta-di-Lampedusa.jpg\" rel=\"attachment wp-att-2822\"><img loading=\"lazy\" decoding=\"async\" class=\"alignleft size-thumbnail wp-image-2822\" src=\"https:\/\/circoloculturalesanfrancesco.org\/site\/wp-content\/uploads\/2016\/02\/Porta-di-Lampedusa-150x150.jpg\" alt=\"Porta di Lampedusa\" width=\"150\" height=\"150\" srcset=\"https:\/\/circoloculturalesanfrancesco.org\/site\/wp-content\/uploads\/2016\/02\/Porta-di-Lampedusa-150x150.jpg 150w, https:\/\/circoloculturalesanfrancesco.org\/site\/wp-content\/uploads\/2016\/02\/Porta-di-Lampedusa-66x66.jpg 66w\" sizes=\"(max-width: 150px) 100vw, 150px\" \/><\/a>Una citt\u00e0 accogliente, a misura di ciascuno, \u00e8 ancora un sogno. Bisogna andare pi\u00f9 in l\u00e0, senza rimanere sulla soglia, e costruirla in modo che tenga conto dei pi\u00f9 deboli, che non respinga i disabili, che accolga coloro che sono nell\u2019angolo grigio della periferia, che non escluda chi non pu\u00f2 vedere o chi non pu\u00f2 ascoltare, che curi la \u201ccultura dell\u2019integrazione\u201d\u2026 Sono ormai diverse le pubblicazioni che recano il titolo \u00abcitt\u00e0 accogliente\u00bb. A noi piace citare il volume di C. M. Martini ed altri, <em>Dalla citt\u00e0 accogliente alla citt\u00e0 aperta<\/em> (Troina 2005).<\/p>\n<p style=\"text-align: justify;\">L&#8217;\u00abaperitivo\u00bb \u2013 con la pizza offerta dai coniugi Lista, la torta portata dalla sig.ra Rosa e gli stuzzichini preparati dalla sig.ra Daniela \u00a0\u2013 ha concluso la Serata in festosa armonia.<\/p>\n<p style=\"text-align: justify;\">L&#8217;appuntamento \u00e8 al prossimo venerd\u00ec alle 18.45, con il <em>Cine<\/em>Circolo \u00absui sentieri della misericordia\u00bb. Il film in scaletta \u00e8 \u00abTimbuktu\u00bb del regista mauritano Abderrahmane Sissako, a cui seguir\u00e0 il dibattito sull\u2019integralismo religioso e il dramma del jihadismo.\u00a0(tc-pa)<\/p>\n<p style=\"text-align: right;\"><a href=\"https:\/\/circoloculturalesanfrancesco.org\/site\/wp-content\/uploads\/2016\/03\/IMG_4626.jpg\" rel=\"attachment wp-att-2893\"><img loading=\"lazy\" decoding=\"async\" class=\"alignleft size-thumbnail wp-image-2893\" src=\"https:\/\/circoloculturalesanfrancesco.org\/site\/wp-content\/uploads\/2016\/03\/IMG_4626-150x150.jpg\" alt=\"IMG_4626\" width=\"150\" height=\"150\" srcset=\"https:\/\/circoloculturalesanfrancesco.org\/site\/wp-content\/uploads\/2016\/03\/IMG_4626-150x150.jpg 150w, https:\/\/circoloculturalesanfrancesco.org\/site\/wp-content\/uploads\/2016\/03\/IMG_4626-66x66.jpg 66w\" sizes=\"(max-width: 150px) 100vw, 150px\" \/><\/a><a href=\"https:\/\/circoloculturalesanfrancesco.org\/site\/wp-content\/uploads\/2016\/03\/IMG_4616.jpg\" rel=\"attachment wp-att-2891\"><img loading=\"lazy\" decoding=\"async\" class=\"alignleft size-thumbnail wp-image-2891\" src=\"https:\/\/circoloculturalesanfrancesco.org\/site\/wp-content\/uploads\/2016\/03\/IMG_4616-150x150.jpg\" alt=\"IMG_4616\" width=\"150\" height=\"150\" srcset=\"https:\/\/circoloculturalesanfrancesco.org\/site\/wp-content\/uploads\/2016\/03\/IMG_4616-150x150.jpg 150w, https:\/\/circoloculturalesanfrancesco.org\/site\/wp-content\/uploads\/2016\/03\/IMG_4616-66x66.jpg 66w\" sizes=\"(max-width: 150px) 100vw, 150px\" \/><\/a><a href=\"https:\/\/circoloculturalesanfrancesco.org\/site\/wp-content\/uploads\/2016\/03\/IMG_1760.jpg\" rel=\"attachment wp-att-2894\"><img loading=\"lazy\" decoding=\"async\" class=\"alignleft size-thumbnail wp-image-2894\" src=\"https:\/\/circoloculturalesanfrancesco.org\/site\/wp-content\/uploads\/2016\/03\/IMG_1760-150x150.jpg\" alt=\"IMG_1760\" width=\"150\" height=\"150\" srcset=\"https:\/\/circoloculturalesanfrancesco.org\/site\/wp-content\/uploads\/2016\/03\/IMG_1760-150x150.jpg 150w, https:\/\/circoloculturalesanfrancesco.org\/site\/wp-content\/uploads\/2016\/03\/IMG_1760-66x66.jpg 66w\" sizes=\"(max-width: 150px) 100vw, 150px\" \/><\/a><a href=\"https:\/\/circoloculturalesanfrancesco.org\/site\/wp-content\/uploads\/2016\/03\/IMG_1761.jpg\" rel=\"attachment wp-att-2886\"><img loading=\"lazy\" decoding=\"async\" class=\"alignleft size-thumbnail wp-image-2886\" src=\"https:\/\/circoloculturalesanfrancesco.org\/site\/wp-content\/uploads\/2016\/03\/IMG_1761-150x150.jpg\" alt=\"IMG_1761\" width=\"150\" height=\"150\" srcset=\"https:\/\/circoloculturalesanfrancesco.org\/site\/wp-content\/uploads\/2016\/03\/IMG_1761-150x150.jpg 150w, https:\/\/circoloculturalesanfrancesco.org\/site\/wp-content\/uploads\/2016\/03\/IMG_1761-66x66.jpg 66w\" sizes=\"(max-width: 150px) 100vw, 150px\" \/><\/a><a href=\"https:\/\/circoloculturalesanfrancesco.org\/site\/wp-content\/uploads\/2016\/03\/IMG_1759.jpg\" rel=\"attachment wp-att-2885\"><img loading=\"lazy\" decoding=\"async\" class=\"alignleft size-thumbnail wp-image-2885\" src=\"https:\/\/circoloculturalesanfrancesco.org\/site\/wp-content\/uploads\/2016\/03\/IMG_1759-150x150.jpg\" alt=\"IMG_1759\" width=\"150\" height=\"150\" srcset=\"https:\/\/circoloculturalesanfrancesco.org\/site\/wp-content\/uploads\/2016\/03\/IMG_1759-150x150.jpg 150w, https:\/\/circoloculturalesanfrancesco.org\/site\/wp-content\/uploads\/2016\/03\/IMG_1759-66x66.jpg 66w\" sizes=\"(max-width: 150px) 100vw, 150px\" \/><\/a><a href=\"https:\/\/circoloculturalesanfrancesco.org\/site\/wp-content\/uploads\/2016\/03\/IMG_1766-1.jpg\" rel=\"attachment wp-att-2895\"><img loading=\"lazy\" decoding=\"async\" class=\"alignleft size-thumbnail wp-image-2895\" src=\"https:\/\/circoloculturalesanfrancesco.org\/site\/wp-content\/uploads\/2016\/03\/IMG_1766-1-150x150.jpg\" alt=\"IMG_1766\" width=\"150\" height=\"150\" srcset=\"https:\/\/circoloculturalesanfrancesco.org\/site\/wp-content\/uploads\/2016\/03\/IMG_1766-1-150x150.jpg 150w, https:\/\/circoloculturalesanfrancesco.org\/site\/wp-content\/uploads\/2016\/03\/IMG_1766-1-66x66.jpg 66w\" sizes=\"(max-width: 150px) 100vw, 150px\" \/><\/a><a href=\"https:\/\/circoloculturalesanfrancesco.org\/site\/wp-content\/uploads\/2016\/03\/IMG_1767.jpg\" rel=\"attachment wp-att-2896\"><img loading=\"lazy\" decoding=\"async\" class=\"alignleft size-thumbnail wp-image-2896\" src=\"https:\/\/circoloculturalesanfrancesco.org\/site\/wp-content\/uploads\/2016\/03\/IMG_1767-150x150.jpg\" alt=\"IMG_1767\" width=\"150\" height=\"150\" srcset=\"https:\/\/circoloculturalesanfrancesco.org\/site\/wp-content\/uploads\/2016\/03\/IMG_1767-150x150.jpg 150w, https:\/\/circoloculturalesanfrancesco.org\/site\/wp-content\/uploads\/2016\/03\/IMG_1767-66x66.jpg 66w\" sizes=\"(max-width: 150px) 100vw, 150px\" \/><\/a><a href=\"https:\/\/circoloculturalesanfrancesco.org\/site\/wp-content\/uploads\/2016\/03\/IMG_4620.jpg\" rel=\"attachment wp-att-2890\"><img loading=\"lazy\" decoding=\"async\" class=\"alignleft size-thumbnail wp-image-2890\" src=\"https:\/\/circoloculturalesanfrancesco.org\/site\/wp-content\/uploads\/2016\/03\/IMG_4620-150x150.jpg\" alt=\"IMG_4620\" width=\"150\" height=\"150\" srcset=\"https:\/\/circoloculturalesanfrancesco.org\/site\/wp-content\/uploads\/2016\/03\/IMG_4620-150x150.jpg 150w, https:\/\/circoloculturalesanfrancesco.org\/site\/wp-content\/uploads\/2016\/03\/IMG_4620-66x66.jpg 66w\" sizes=\"(max-width: 150px) 100vw, 150px\" \/><\/a><a href=\"https:\/\/circoloculturalesanfrancesco.org\/site\/wp-content\/uploads\/2016\/03\/IMG_1774.jpg\" rel=\"attachment wp-att-2884\"><img loading=\"lazy\" decoding=\"async\" class=\"alignleft size-thumbnail wp-image-2884\" src=\"https:\/\/circoloculturalesanfrancesco.org\/site\/wp-content\/uploads\/2016\/03\/IMG_1774-150x150.jpg\" alt=\"IMG_1774\" width=\"150\" height=\"150\" srcset=\"https:\/\/circoloculturalesanfrancesco.org\/site\/wp-content\/uploads\/2016\/03\/IMG_1774-150x150.jpg 150w, https:\/\/circoloculturalesanfrancesco.org\/site\/wp-content\/uploads\/2016\/03\/IMG_1774-300x300.jpg 300w, https:\/\/circoloculturalesanfrancesco.org\/site\/wp-content\/uploads\/2016\/03\/IMG_1774-100x100.jpg 100w, https:\/\/circoloculturalesanfrancesco.org\/site\/wp-content\/uploads\/2016\/03\/IMG_1774-66x66.jpg 66w, https:\/\/circoloculturalesanfrancesco.org\/site\/wp-content\/uploads\/2016\/03\/IMG_1774-77x77.jpg 77w, https:\/\/circoloculturalesanfrancesco.org\/site\/wp-content\/uploads\/2016\/03\/IMG_1774.jpg 720w\" sizes=\"(max-width: 150px) 100vw, 150px\" \/><\/a><a href=\"https:\/\/circoloculturalesanfrancesco.org\/site\/wp-content\/uploads\/2016\/03\/IMG_4604.jpg\" rel=\"attachment wp-att-2898\"><img loading=\"lazy\" decoding=\"async\" class=\"alignleft size-thumbnail wp-image-2898\" src=\"https:\/\/circoloculturalesanfrancesco.org\/site\/wp-content\/uploads\/2016\/03\/IMG_4604-150x150.jpg\" alt=\"IMG_4604\" width=\"150\" height=\"150\" srcset=\"https:\/\/circoloculturalesanfrancesco.org\/site\/wp-content\/uploads\/2016\/03\/IMG_4604-150x150.jpg 150w, https:\/\/circoloculturalesanfrancesco.org\/site\/wp-content\/uploads\/2016\/03\/IMG_4604-66x66.jpg 66w\" sizes=\"(max-width: 150px) 100vw, 150px\" \/><\/a><a href=\"https:\/\/circoloculturalesanfrancesco.org\/site\/wp-content\/uploads\/2016\/03\/IMG_4600.jpg\" rel=\"attachment wp-att-2897\"><img loading=\"lazy\" decoding=\"async\" class=\"alignleft size-thumbnail wp-image-2897\" src=\"https:\/\/circoloculturalesanfrancesco.org\/site\/wp-content\/uploads\/2016\/03\/IMG_4600-150x150.jpg\" alt=\"IMG_4600\" width=\"150\" height=\"150\" srcset=\"https:\/\/circoloculturalesanfrancesco.org\/site\/wp-content\/uploads\/2016\/03\/IMG_4600-150x150.jpg 150w, https:\/\/circoloculturalesanfrancesco.org\/site\/wp-content\/uploads\/2016\/03\/IMG_4600-66x66.jpg 66w\" sizes=\"(max-width: 150px) 100vw, 150px\" \/><\/a><\/p>\n<p style=\"text-align: center;\">\n","protected":false},"excerpt":{"rendered":"<p>Venerd\u00ec 11 marzo, presso il Salone \u00abS. Elisabetta di Ungheria\u00bb, situato al lato destro della chiesa \u00abSacro Cuore\u00bb di Catanzaro Lido, si \u00e8 svolta la 4\u00aa Serata conviviale con aperitivo dal titolo: \u00abCatanzaro: citt\u00e0&#46;&#46;&#46;<\/p>\n","protected":false},"author":8,"featured_media":2821,"comment_status":"open","ping_status":"closed","sticky":false,"template":"","format":"standard","meta":{"ngg_post_thumbnail":0,"footnotes":""},"categories":[8,32,57],"tags":[43,59,104,53],"yoast_head":"<!-- This site is optimized with the Yoast SEO plugin v18.3 - https:\/\/yoast.com\/wordpress\/plugins\/seo\/ -->\n<title>Una citt\u00e0 accogliente? -<\/title>\n<meta name=\"robots\" content=\"index, follow, max-snippet:-1, max-image-preview:large, max-video-preview:-1\" \/>\n<link rel=\"canonical\" href=\"https:\/\/circoloculturalesanfrancesco.org\/una-citta-accogliente\/\" \/>\n<meta property=\"og:locale\" content=\"it_IT\" \/>\n<meta property=\"og:type\" content=\"article\" \/>\n<meta property=\"og:title\" content=\"Una citt\u00e0 accogliente? -\" \/>\n<meta property=\"og:description\" content=\"Venerd\u00ec 11 marzo, presso il Salone \u00abS. Elisabetta di Ungheria\u00bb, situato al lato destro della chiesa \u00abSacro Cuore\u00bb di Catanzaro Lido, si \u00e8 svolta la 4\u00aa Serata conviviale con aperitivo dal titolo: \u00abCatanzaro: citt\u00e0&#046;&#046;&#046;\" \/>\n<meta property=\"og:url\" content=\"https:\/\/circoloculturalesanfrancesco.org\/una-citta-accogliente\/\" \/>\n<meta property=\"article:author\" content=\"https:\/\/www.facebook.com\/circoloculturalesanfrancescocatanzaro\/\" \/>\n<meta property=\"article:published_time\" content=\"2016-03-13T15:11:43+00:00\" \/>\n<meta property=\"article:modified_time\" content=\"2016-03-13T18:43:18+00:00\" \/>\n<meta property=\"og:image\" content=\"https:\/\/circoloculturalesanfrancesco.org\/site\/wp-content\/uploads\/2016\/02\/portaeuropa-bassa.jpg\" \/>\n\t<meta property=\"og:image:width\" content=\"1353\" \/>\n\t<meta property=\"og:image:height\" content=\"611\" \/>\n\t<meta property=\"og:image:type\" content=\"image\/jpeg\" \/>\n<meta name=\"twitter:label1\" content=\"Scritto da\" \/>\n\t<meta name=\"twitter:data1\" content=\"admin\" \/>\n\t<meta name=\"twitter:label2\" content=\"Tempo di lettura stimato\" \/>\n\t<meta name=\"twitter:data2\" content=\"4 minuti\" \/>\n<script type=\"application\/ld+json\" class=\"yoast-schema-graph\">{\"@context\":\"https:\/\/schema.org\",\"@graph\":[{\"@type\":\"WebSite\",\"@id\":\"https:\/\/circoloculturalesanfrancesco.org\/site\/#website\",\"url\":\"https:\/\/circoloculturalesanfrancesco.org\/site\/\",\"name\":\"\",\"description\":\"\",\"potentialAction\":[{\"@type\":\"SearchAction\",\"target\":{\"@type\":\"EntryPoint\",\"urlTemplate\":\"https:\/\/circoloculturalesanfrancesco.org\/site\/?s={search_term_string}\"},\"query-input\":\"required name=search_term_string\"}],\"inLanguage\":\"it-IT\"},{\"@type\":\"ImageObject\",\"@id\":\"https:\/\/circoloculturalesanfrancesco.org\/una-citta-accogliente\/#primaryimage\",\"inLanguage\":\"it-IT\",\"url\":\"https:\/\/circoloculturalesanfrancesco.org\/site\/wp-content\/uploads\/2016\/02\/portaeuropa-bassa.jpg\",\"contentUrl\":\"https:\/\/circoloculturalesanfrancesco.org\/site\/wp-content\/uploads\/2016\/02\/portaeuropa-bassa.jpg\",\"width\":1353,\"height\":611},{\"@type\":\"WebPage\",\"@id\":\"https:\/\/circoloculturalesanfrancesco.org\/una-citta-accogliente\/#webpage\",\"url\":\"https:\/\/circoloculturalesanfrancesco.org\/una-citta-accogliente\/\",\"name\":\"Una citt\u00e0 accogliente? -\",\"isPartOf\":{\"@id\":\"https:\/\/circoloculturalesanfrancesco.org\/site\/#website\"},\"primaryImageOfPage\":{\"@id\":\"https:\/\/circoloculturalesanfrancesco.org\/una-citta-accogliente\/#primaryimage\"},\"datePublished\":\"2016-03-13T15:11:43+00:00\",\"dateModified\":\"2016-03-13T18:43:18+00:00\",\"author\":{\"@id\":\"https:\/\/circoloculturalesanfrancesco.org\/site\/#\/schema\/person\/aaf2eff003877a067bad8f35656b0ec2\"},\"breadcrumb\":{\"@id\":\"https:\/\/circoloculturalesanfrancesco.org\/una-citta-accogliente\/#breadcrumb\"},\"inLanguage\":\"it-IT\",\"potentialAction\":[{\"@type\":\"ReadAction\",\"target\":[\"https:\/\/circoloculturalesanfrancesco.org\/una-citta-accogliente\/\"]}]},{\"@type\":\"BreadcrumbList\",\"@id\":\"https:\/\/circoloculturalesanfrancesco.org\/una-citta-accogliente\/#breadcrumb\",\"itemListElement\":[{\"@type\":\"ListItem\",\"position\":1,\"name\":\"Home\",\"item\":\"https:\/\/circoloculturalesanfrancesco.org\/site\/\"},{\"@type\":\"ListItem\",\"position\":2,\"name\":\"Una citt\u00e0 accogliente?\"}]},{\"@type\":\"Person\",\"@id\":\"https:\/\/circoloculturalesanfrancesco.org\/site\/#\/schema\/person\/aaf2eff003877a067bad8f35656b0ec2\",\"name\":\"admin\",\"image\":{\"@type\":\"ImageObject\",\"@id\":\"https:\/\/circoloculturalesanfrancesco.org\/site\/#personlogo\",\"inLanguage\":\"it-IT\",\"url\":\"https:\/\/secure.gravatar.com\/avatar\/4c528ef69a5e20c241fb0d2a3863e2fd?s=96&d=identicon&r=g\",\"contentUrl\":\"https:\/\/secure.gravatar.com\/avatar\/4c528ef69a5e20c241fb0d2a3863e2fd?s=96&d=identicon&r=g\",\"caption\":\"admin\"},\"sameAs\":[\"http:\/\/www.circoloculturalesanfrancesco.org\",\"https:\/\/www.facebook.com\/circoloculturalesanfrancescocatanzaro\/\"],\"url\":\"https:\/\/circoloculturalesanfrancesco.org\/site\/author\/panzulewicz\/\"}]}<\/script>\n<!-- \/ Yoast SEO plugin. -->","yoast_head_json":{"title":"Una citt\u00e0 accogliente? -","robots":{"index":"index","follow":"follow","max-snippet":"max-snippet:-1","max-image-preview":"max-image-preview:large","max-video-preview":"max-video-preview:-1"},"canonical":"https:\/\/circoloculturalesanfrancesco.org\/una-citta-accogliente\/","og_locale":"it_IT","og_type":"article","og_title":"Una citt\u00e0 accogliente? -","og_description":"Venerd\u00ec 11 marzo, presso il Salone \u00abS. Elisabetta di Ungheria\u00bb, situato al lato destro della chiesa \u00abSacro Cuore\u00bb di Catanzaro Lido, si \u00e8 svolta la 4\u00aa Serata conviviale con aperitivo dal titolo: \u00abCatanzaro: citt\u00e0&#46;&#46;&#46;","og_url":"https:\/\/circoloculturalesanfrancesco.org\/una-citta-accogliente\/","article_author":"https:\/\/www.facebook.com\/circoloculturalesanfrancescocatanzaro\/","article_published_time":"2016-03-13T15:11:43+00:00","article_modified_time":"2016-03-13T18:43:18+00:00","og_image":[{"width":1353,"height":611,"url":"https:\/\/circoloculturalesanfrancesco.org\/site\/wp-content\/uploads\/2016\/02\/portaeuropa-bassa.jpg","type":"image\/jpeg"}],"twitter_misc":{"Scritto da":"admin","Tempo di lettura stimato":"4 minuti"},"schema":{"@context":"https:\/\/schema.org","@graph":[{"@type":"WebSite","@id":"https:\/\/circoloculturalesanfrancesco.org\/site\/#website","url":"https:\/\/circoloculturalesanfrancesco.org\/site\/","name":"","description":"","potentialAction":[{"@type":"SearchAction","target":{"@type":"EntryPoint","urlTemplate":"https:\/\/circoloculturalesanfrancesco.org\/site\/?s={search_term_string}"},"query-input":"required name=search_term_string"}],"inLanguage":"it-IT"},{"@type":"ImageObject","@id":"https:\/\/circoloculturalesanfrancesco.org\/una-citta-accogliente\/#primaryimage","inLanguage":"it-IT","url":"https:\/\/circoloculturalesanfrancesco.org\/site\/wp-content\/uploads\/2016\/02\/portaeuropa-bassa.jpg","contentUrl":"https:\/\/circoloculturalesanfrancesco.org\/site\/wp-content\/uploads\/2016\/02\/portaeuropa-bassa.jpg","width":1353,"height":611},{"@type":"WebPage","@id":"https:\/\/circoloculturalesanfrancesco.org\/una-citta-accogliente\/#webpage","url":"https:\/\/circoloculturalesanfrancesco.org\/una-citta-accogliente\/","name":"Una citt\u00e0 accogliente? -","isPartOf":{"@id":"https:\/\/circoloculturalesanfrancesco.org\/site\/#website"},"primaryImageOfPage":{"@id":"https:\/\/circoloculturalesanfrancesco.org\/una-citta-accogliente\/#primaryimage"},"datePublished":"2016-03-13T15:11:43+00:00","dateModified":"2016-03-13T18:43:18+00:00","author":{"@id":"https:\/\/circoloculturalesanfrancesco.org\/site\/#\/schema\/person\/aaf2eff003877a067bad8f35656b0ec2"},"breadcrumb":{"@id":"https:\/\/circoloculturalesanfrancesco.org\/una-citta-accogliente\/#breadcrumb"},"inLanguage":"it-IT","potentialAction":[{"@type":"ReadAction","target":["https:\/\/circoloculturalesanfrancesco.org\/una-citta-accogliente\/"]}]},{"@type":"BreadcrumbList","@id":"https:\/\/circoloculturalesanfrancesco.org\/una-citta-accogliente\/#breadcrumb","itemListElement":[{"@type":"ListItem","position":1,"name":"Home","item":"https:\/\/circoloculturalesanfrancesco.org\/site\/"},{"@type":"ListItem","position":2,"name":"Una citt\u00e0 accogliente?"}]},{"@type":"Person","@id":"https:\/\/circoloculturalesanfrancesco.org\/site\/#\/schema\/person\/aaf2eff003877a067bad8f35656b0ec2","name":"admin","image":{"@type":"ImageObject","@id":"https:\/\/circoloculturalesanfrancesco.org\/site\/#personlogo","inLanguage":"it-IT","url":"https:\/\/secure.gravatar.com\/avatar\/4c528ef69a5e20c241fb0d2a3863e2fd?s=96&d=identicon&r=g","contentUrl":"https:\/\/secure.gravatar.com\/avatar\/4c528ef69a5e20c241fb0d2a3863e2fd?s=96&d=identicon&r=g","caption":"admin"},"sameAs":["http:\/\/www.circoloculturalesanfrancesco.org","https:\/\/www.facebook.com\/circoloculturalesanfrancescocatanzaro\/"],"url":"https:\/\/circoloculturalesanfrancesco.org\/site\/author\/panzulewicz\/"}]}},"_links":{"self":[{"href":"https:\/\/circoloculturalesanfrancesco.org\/site\/wp-json\/wp\/v2\/posts\/2876"}],"collection":[{"href":"https:\/\/circoloculturalesanfrancesco.org\/site\/wp-json\/wp\/v2\/posts"}],"about":[{"href":"https:\/\/circoloculturalesanfrancesco.org\/site\/wp-json\/wp\/v2\/types\/post"}],"author":[{"embeddable":true,"href":"https:\/\/circoloculturalesanfrancesco.org\/site\/wp-json\/wp\/v2\/users\/8"}],"replies":[{"embeddable":true,"href":"https:\/\/circoloculturalesanfrancesco.org\/site\/wp-json\/wp\/v2\/comments?post=2876"}],"version-history":[{"count":6,"href":"https:\/\/circoloculturalesanfrancesco.org\/site\/wp-json\/wp\/v2\/posts\/2876\/revisions"}],"predecessor-version":[{"id":2905,"href":"https:\/\/circoloculturalesanfrancesco.org\/site\/wp-json\/wp\/v2\/posts\/2876\/revisions\/2905"}],"wp:featuredmedia":[{"embeddable":true,"href":"https:\/\/circoloculturalesanfrancesco.org\/site\/wp-json\/wp\/v2\/media\/2821"}],"wp:attachment":[{"href":"https:\/\/circoloculturalesanfrancesco.org\/site\/wp-json\/wp\/v2\/media?parent=2876"}],"wp:term":[{"taxonomy":"category","embeddable":true,"href":"https:\/\/circoloculturalesanfrancesco.org\/site\/wp-json\/wp\/v2\/categories?post=2876"},{"taxonomy":"post_tag","embeddable":true,"href":"https:\/\/circoloculturalesanfrancesco.org\/site\/wp-json\/wp\/v2\/tags?post=2876"}],"curies":[{"name":"wp","href":"https:\/\/api.w.org\/{rel}","templated":true}]}}