{"id":2688,"date":"2016-01-21T00:25:40","date_gmt":"2016-01-20T23:25:40","guid":{"rendered":"http:\/\/circoloculturalesanfrancesco.org\/?p=2688"},"modified":"2016-01-30T20:49:53","modified_gmt":"2016-01-30T19:49:53","slug":"il-2016-parte-cosi","status":"publish","type":"post","link":"https:\/\/circoloculturalesanfrancesco.org\/site\/il-2016-parte-cosi\/","title":{"rendered":"Il 2016 parte cos\u00ec\u2026"},"content":{"rendered":"<div class=\"pdfprnt-buttons pdfprnt-buttons-post pdfprnt-top-right\"><a href=\"https:\/\/circoloculturalesanfrancesco.org\/site\/wp-json\/wp\/v2\/posts\/2688?print=pdf\" class=\"pdfprnt-button pdfprnt-button-pdf\" target=\"_blank\"><img decoding=\"async\" src=\"https:\/\/circoloculturalesanfrancesco.org\/site\/wp-content\/plugins\/pdf-print\/images\/pdf.png\" alt=\"image_pdf\" title=\"Visualizza PDF\" \/><\/a><a href=\"https:\/\/circoloculturalesanfrancesco.org\/site\/wp-json\/wp\/v2\/posts\/2688?print=print\" class=\"pdfprnt-button pdfprnt-button-print\" target=\"_blank\"><img decoding=\"async\" src=\"https:\/\/circoloculturalesanfrancesco.org\/site\/wp-content\/plugins\/pdf-print\/images\/print.png\" alt=\"image_print\" title=\"Stampa contenuto\" \/><\/a><\/div><p style=\"text-align: justify;\">Cari Amici e Soci, a vostra disposizione abbiamo i due d\u00e9pliants con i programmi della 2\u00aa edizione del\u00a0<em>Wiki<\/em>Circolo, cio\u00e8 delle <strong><em>Serate conviviali con aperitivo<\/em><\/strong>, dedicate a \u00abCatanzaro ed oltre\u00bb, nel segno dell\u2019Anno straordinario della Misericordia, e della 2\u00aa edizione del <em>Cine<\/em>Circolo, cio\u00e8 delle <strong>Proiezioni dei film con il cinedibattito<\/strong>, focalizzate \u00absui sentieri della misericordia\u00bb.<\/p>\n<p style=\"text-align: justify;\">Si inizia venerd\u00ec <strong>22 gennaio <\/strong>con la conversazione sul tema \u00ab<strong>Catanzaro: citt\u00e0 per servire e far servire i poveri?<\/strong>\u00bb, tenuta dalla relatrice Maria Concetta Infuso, responsabile del gruppo Emmaus di Catanzaro, e venerd\u00ec <strong>29 gennaio<\/strong> con la proiezione del film-documentario \u00ab<strong>Doichlanda<\/strong>\u00bb.<\/p>\n<p style=\"text-align: justify;\">Gli appuntamenti da non perdere, all\u2019insegna della misericordia, \u00abcuore pulsante del Vangelo\u00bb, organizzati dal Circolo e patrocinati dal Parroco, p. Ilario Scali, che si terranno ogni venerd\u00ec nel Salone \u00abS. Elisabetta d\u2019Ungheria\u00bb presso la chiesa \u00abSacro Cuore\u00bb di Catanzaro Lido, a partire dalle ore 18.45. I d\u00e9pliants si possono ritirare nella Segreteria, sede legale e operativa del Circolo.<\/p>\n<p style=\"text-align: justify;\">Tutti sentiamoci invitati a questi appuntamenti e coinvolti, anche per trasmettere un veloce saluto, comunicare una parola di sostegno, esprimere un gesto di vicinanza spirituale. Essi sono una splendida opportunit\u00e0 di condivisione e di fraternit\u00e0, di incontro e di dialogo. Il Circolo non \u00e8 un gruppo parrocchiale, ma l\u2019opera parrocchiale che abbraccia tutti i gruppi parrocchiali ed \u00e8 aperta a tutti, vicini e lontani. Sosteniamola ed amiamola.<\/p>\n<p style=\"text-align: justify;\">Siamo presenti sul \u00absocial network\u00bb pi\u00f9 diffuso in Italia: \u00ab<strong>Facebook<\/strong>\u00bb. Vi chiediamo di invitare i vostri amici a cliccare su \u00abMi piace\u00bb per far crescere il numero delle persone che ci seguono, per diffondere le nostre attivit\u00e0 e per dare maggiore visibilit\u00e0 ai nostri eventi e ai soci. Ecco il link: <a href=\"https:\/\/www.facebook.com\/circoloculturalesanfrancescocatanzaro\/\">https:\/\/www.facebook.com\/circoloculturalesanfrancescocatanzaro\/<\/a>. Ognuno pu\u00f2 direttamente proporre iniziative, commentare quelle pubblicate, inserire i post.<\/p>\n<p style=\"text-align: justify;\">Chiunque sia interessato a collaborare con la Redazione del Circolo su questo Sito e su \u00abFacebook\u00bb pu\u00f2 contattare la Segreteria.<\/p>\n<p style=\"text-align: justify;\">A presto.<\/p>\n<p style=\"text-align: right;\"><em>Piotr Anzulewicz OFMConv<\/em><\/p>\n<div id=\"attachment_2689\" style=\"width: 160px\" class=\"wp-caption aligncenter\"><a href=\"https:\/\/circoloculturalesanfrancesco.org\/site\/wp-content\/uploads\/2016\/01\/WikiCircolo-II-2016-p.-1.jpg\"><img loading=\"lazy\" decoding=\"async\" aria-describedby=\"caption-attachment-2689\" class=\"size-thumbnail wp-image-2689\" src=\"https:\/\/circoloculturalesanfrancesco.org\/site\/wp-content\/uploads\/2016\/01\/WikiCircolo-II-2016-p.-1-150x150.jpg\" alt=\"WikiCircolo II 2016 (p. 1)\" width=\"150\" height=\"150\" srcset=\"https:\/\/circoloculturalesanfrancesco.org\/site\/wp-content\/uploads\/2016\/01\/WikiCircolo-II-2016-p.-1-150x150.jpg 150w, https:\/\/circoloculturalesanfrancesco.org\/site\/wp-content\/uploads\/2016\/01\/WikiCircolo-II-2016-p.-1-66x66.jpg 66w\" sizes=\"(max-width: 150px) 100vw, 150px\" \/><\/a><p id=\"caption-attachment-2689\" class=\"wp-caption-text\"><a href=\"https:\/\/circoloculturalesanfrancesco.org\/site\/wp-content\/uploads\/2016\/01\/WikiCircolo-II-2016-p.-2.jpg\"><img loading=\"lazy\" decoding=\"async\" class=\"size-thumbnail wp-image-2690\" src=\"https:\/\/circoloculturalesanfrancesco.org\/site\/wp-content\/uploads\/2016\/01\/WikiCircolo-II-2016-p.-2-150x150.jpg\" alt=\"WikiCircolo II 2016 (p. 2)\" width=\"150\" height=\"150\" srcset=\"https:\/\/circoloculturalesanfrancesco.org\/site\/wp-content\/uploads\/2016\/01\/WikiCircolo-II-2016-p.-2-150x150.jpg 150w, https:\/\/circoloculturalesanfrancesco.org\/site\/wp-content\/uploads\/2016\/01\/WikiCircolo-II-2016-p.-2-66x66.jpg 66w\" sizes=\"(max-width: 150px) 100vw, 150px\" \/><\/a><\/p><\/div>\n<p><a href=\"https:\/\/circoloculturalesanfrancesco.org\/site\/wp-content\/uploads\/2016\/01\/CineCircolo-II-2016-1.jpg\"><img loading=\"lazy\" decoding=\"async\" class=\"aligncenter size-thumbnail wp-image-2691\" src=\"https:\/\/circoloculturalesanfrancesco.org\/site\/wp-content\/uploads\/2016\/01\/CineCircolo-II-2016-1-150x150.jpg\" alt=\"CineCircolo II 2016 (1)\" width=\"150\" height=\"150\" srcset=\"https:\/\/circoloculturalesanfrancesco.org\/site\/wp-content\/uploads\/2016\/01\/CineCircolo-II-2016-1-150x150.jpg 150w, https:\/\/circoloculturalesanfrancesco.org\/site\/wp-content\/uploads\/2016\/01\/CineCircolo-II-2016-1-66x66.jpg 66w\" sizes=\"(max-width: 150px) 100vw, 150px\" \/><\/a><a href=\"https:\/\/circoloculturalesanfrancesco.org\/site\/wp-content\/uploads\/2016\/01\/CineCircolo-II-2016-2.jpg\"><img loading=\"lazy\" decoding=\"async\" class=\"aligncenter size-thumbnail wp-image-2692\" src=\"https:\/\/circoloculturalesanfrancesco.org\/site\/wp-content\/uploads\/2016\/01\/CineCircolo-II-2016-2-150x150.jpg\" alt=\"CineCircolo II 2016 (2)\" width=\"150\" height=\"150\" srcset=\"https:\/\/circoloculturalesanfrancesco.org\/site\/wp-content\/uploads\/2016\/01\/CineCircolo-II-2016-2-150x150.jpg 150w, https:\/\/circoloculturalesanfrancesco.org\/site\/wp-content\/uploads\/2016\/01\/CineCircolo-II-2016-2-66x66.jpg 66w\" sizes=\"(max-width: 150px) 100vw, 150px\" \/><\/a><\/p>\n","protected":false},"excerpt":{"rendered":"<p>Cari Amici e Soci, a vostra disposizione abbiamo i due d\u00e9pliants con i programmi della 2\u00aa edizione del\u00a0WikiCircolo, cio\u00e8 delle Serate conviviali con aperitivo, dedicate a \u00abCatanzaro ed oltre\u00bb, nel segno dell\u2019Anno straordinario della&#46;&#46;&#46;<\/p>\n","protected":false},"author":8,"featured_media":2693,"comment_status":"open","ping_status":"closed","sticky":false,"template":"","format":"standard","meta":{"ngg_post_thumbnail":0,"footnotes":""},"categories":[48,8,32,57],"tags":[12,47,41],"yoast_head":"<!-- This site is optimized with the Yoast SEO plugin v18.3 - https:\/\/yoast.com\/wordpress\/plugins\/seo\/ -->\n<title>Il 2016 parte cos\u00ec\u2026 -<\/title>\n<meta name=\"robots\" content=\"index, follow, max-snippet:-1, max-image-preview:large, max-video-preview:-1\" \/>\n<link rel=\"canonical\" href=\"https:\/\/circoloculturalesanfrancesco.org\/il-2016-parte-cosi\/\" \/>\n<meta property=\"og:locale\" content=\"it_IT\" \/>\n<meta property=\"og:type\" content=\"article\" \/>\n<meta property=\"og:title\" content=\"Il 2016 parte cos\u00ec\u2026 -\" \/>\n<meta property=\"og:description\" content=\"Cari Amici e Soci, a vostra disposizione abbiamo i due d\u00e9pliants con i programmi della 2\u00aa edizione del\u00a0WikiCircolo, cio\u00e8 delle Serate conviviali con aperitivo, dedicate a \u00abCatanzaro ed oltre\u00bb, nel segno dell\u2019Anno straordinario della&#046;&#046;&#046;\" \/>\n<meta property=\"og:url\" content=\"https:\/\/circoloculturalesanfrancesco.org\/il-2016-parte-cosi\/\" \/>\n<meta property=\"article:author\" content=\"https:\/\/www.facebook.com\/circoloculturalesanfrancescocatanzaro\/\" \/>\n<meta property=\"article:published_time\" content=\"2016-01-20T23:25:40+00:00\" \/>\n<meta property=\"article:modified_time\" content=\"2016-01-30T19:49:53+00:00\" \/>\n<meta property=\"og:image\" content=\"https:\/\/circoloculturalesanfrancesco.org\/site\/wp-content\/uploads\/2016\/01\/Sentieri-della-vita.jpg\" \/>\n\t<meta property=\"og:image:width\" content=\"259\" \/>\n\t<meta property=\"og:image:height\" content=\"195\" \/>\n\t<meta property=\"og:image:type\" content=\"image\/jpeg\" \/>\n<meta name=\"twitter:label1\" content=\"Scritto da\" \/>\n\t<meta name=\"twitter:data1\" content=\"admin\" \/>\n\t<meta name=\"twitter:label2\" content=\"Tempo di lettura stimato\" \/>\n\t<meta name=\"twitter:data2\" content=\"2 minuti\" \/>\n<script type=\"application\/ld+json\" class=\"yoast-schema-graph\">{\"@context\":\"https:\/\/schema.org\",\"@graph\":[{\"@type\":\"WebSite\",\"@id\":\"https:\/\/circoloculturalesanfrancesco.org\/site\/#website\",\"url\":\"https:\/\/circoloculturalesanfrancesco.org\/site\/\",\"name\":\"\",\"description\":\"\",\"potentialAction\":[{\"@type\":\"SearchAction\",\"target\":{\"@type\":\"EntryPoint\",\"urlTemplate\":\"https:\/\/circoloculturalesanfrancesco.org\/site\/?s={search_term_string}\"},\"query-input\":\"required name=search_term_string\"}],\"inLanguage\":\"it-IT\"},{\"@type\":\"ImageObject\",\"@id\":\"https:\/\/circoloculturalesanfrancesco.org\/il-2016-parte-cosi\/#primaryimage\",\"inLanguage\":\"it-IT\",\"url\":\"https:\/\/circoloculturalesanfrancesco.org\/site\/wp-content\/uploads\/2016\/01\/Sentieri-della-vita.jpg\",\"contentUrl\":\"https:\/\/circoloculturalesanfrancesco.org\/site\/wp-content\/uploads\/2016\/01\/Sentieri-della-vita.jpg\",\"width\":259,\"height\":195},{\"@type\":\"WebPage\",\"@id\":\"https:\/\/circoloculturalesanfrancesco.org\/il-2016-parte-cosi\/#webpage\",\"url\":\"https:\/\/circoloculturalesanfrancesco.org\/il-2016-parte-cosi\/\",\"name\":\"Il 2016 parte cos\u00ec\u2026 -\",\"isPartOf\":{\"@id\":\"https:\/\/circoloculturalesanfrancesco.org\/site\/#website\"},\"primaryImageOfPage\":{\"@id\":\"https:\/\/circoloculturalesanfrancesco.org\/il-2016-parte-cosi\/#primaryimage\"},\"datePublished\":\"2016-01-20T23:25:40+00:00\",\"dateModified\":\"2016-01-30T19:49:53+00:00\",\"author\":{\"@id\":\"https:\/\/circoloculturalesanfrancesco.org\/site\/#\/schema\/person\/aaf2eff003877a067bad8f35656b0ec2\"},\"breadcrumb\":{\"@id\":\"https:\/\/circoloculturalesanfrancesco.org\/il-2016-parte-cosi\/#breadcrumb\"},\"inLanguage\":\"it-IT\",\"potentialAction\":[{\"@type\":\"ReadAction\",\"target\":[\"https:\/\/circoloculturalesanfrancesco.org\/il-2016-parte-cosi\/\"]}]},{\"@type\":\"BreadcrumbList\",\"@id\":\"https:\/\/circoloculturalesanfrancesco.org\/il-2016-parte-cosi\/#breadcrumb\",\"itemListElement\":[{\"@type\":\"ListItem\",\"position\":1,\"name\":\"Home\",\"item\":\"https:\/\/circoloculturalesanfrancesco.org\/site\/\"},{\"@type\":\"ListItem\",\"position\":2,\"name\":\"Il 2016 parte cos\u00ec\u2026\"}]},{\"@type\":\"Person\",\"@id\":\"https:\/\/circoloculturalesanfrancesco.org\/site\/#\/schema\/person\/aaf2eff003877a067bad8f35656b0ec2\",\"name\":\"admin\",\"image\":{\"@type\":\"ImageObject\",\"@id\":\"https:\/\/circoloculturalesanfrancesco.org\/site\/#personlogo\",\"inLanguage\":\"it-IT\",\"url\":\"https:\/\/secure.gravatar.com\/avatar\/4c528ef69a5e20c241fb0d2a3863e2fd?s=96&d=identicon&r=g\",\"contentUrl\":\"https:\/\/secure.gravatar.com\/avatar\/4c528ef69a5e20c241fb0d2a3863e2fd?s=96&d=identicon&r=g\",\"caption\":\"admin\"},\"sameAs\":[\"http:\/\/www.circoloculturalesanfrancesco.org\",\"https:\/\/www.facebook.com\/circoloculturalesanfrancescocatanzaro\/\"],\"url\":\"https:\/\/circoloculturalesanfrancesco.org\/site\/author\/panzulewicz\/\"}]}<\/script>\n<!-- \/ Yoast SEO plugin. -->","yoast_head_json":{"title":"Il 2016 parte cos\u00ec\u2026 -","robots":{"index":"index","follow":"follow","max-snippet":"max-snippet:-1","max-image-preview":"max-image-preview:large","max-video-preview":"max-video-preview:-1"},"canonical":"https:\/\/circoloculturalesanfrancesco.org\/il-2016-parte-cosi\/","og_locale":"it_IT","og_type":"article","og_title":"Il 2016 parte cos\u00ec\u2026 -","og_description":"Cari Amici e Soci, a vostra disposizione abbiamo i due d\u00e9pliants con i programmi della 2\u00aa edizione del\u00a0WikiCircolo, cio\u00e8 delle Serate conviviali con aperitivo, dedicate a \u00abCatanzaro ed oltre\u00bb, nel segno dell\u2019Anno straordinario della&#46;&#46;&#46;","og_url":"https:\/\/circoloculturalesanfrancesco.org\/il-2016-parte-cosi\/","article_author":"https:\/\/www.facebook.com\/circoloculturalesanfrancescocatanzaro\/","article_published_time":"2016-01-20T23:25:40+00:00","article_modified_time":"2016-01-30T19:49:53+00:00","og_image":[{"width":259,"height":195,"url":"https:\/\/circoloculturalesanfrancesco.org\/site\/wp-content\/uploads\/2016\/01\/Sentieri-della-vita.jpg","type":"image\/jpeg"}],"twitter_misc":{"Scritto da":"admin","Tempo di lettura stimato":"2 minuti"},"schema":{"@context":"https:\/\/schema.org","@graph":[{"@type":"WebSite","@id":"https:\/\/circoloculturalesanfrancesco.org\/site\/#website","url":"https:\/\/circoloculturalesanfrancesco.org\/site\/","name":"","description":"","potentialAction":[{"@type":"SearchAction","target":{"@type":"EntryPoint","urlTemplate":"https:\/\/circoloculturalesanfrancesco.org\/site\/?s={search_term_string}"},"query-input":"required name=search_term_string"}],"inLanguage":"it-IT"},{"@type":"ImageObject","@id":"https:\/\/circoloculturalesanfrancesco.org\/il-2016-parte-cosi\/#primaryimage","inLanguage":"it-IT","url":"https:\/\/circoloculturalesanfrancesco.org\/site\/wp-content\/uploads\/2016\/01\/Sentieri-della-vita.jpg","contentUrl":"https:\/\/circoloculturalesanfrancesco.org\/site\/wp-content\/uploads\/2016\/01\/Sentieri-della-vita.jpg","width":259,"height":195},{"@type":"WebPage","@id":"https:\/\/circoloculturalesanfrancesco.org\/il-2016-parte-cosi\/#webpage","url":"https:\/\/circoloculturalesanfrancesco.org\/il-2016-parte-cosi\/","name":"Il 2016 parte cos\u00ec\u2026 -","isPartOf":{"@id":"https:\/\/circoloculturalesanfrancesco.org\/site\/#website"},"primaryImageOfPage":{"@id":"https:\/\/circoloculturalesanfrancesco.org\/il-2016-parte-cosi\/#primaryimage"},"datePublished":"2016-01-20T23:25:40+00:00","dateModified":"2016-01-30T19:49:53+00:00","author":{"@id":"https:\/\/circoloculturalesanfrancesco.org\/site\/#\/schema\/person\/aaf2eff003877a067bad8f35656b0ec2"},"breadcrumb":{"@id":"https:\/\/circoloculturalesanfrancesco.org\/il-2016-parte-cosi\/#breadcrumb"},"inLanguage":"it-IT","potentialAction":[{"@type":"ReadAction","target":["https:\/\/circoloculturalesanfrancesco.org\/il-2016-parte-cosi\/"]}]},{"@type":"BreadcrumbList","@id":"https:\/\/circoloculturalesanfrancesco.org\/il-2016-parte-cosi\/#breadcrumb","itemListElement":[{"@type":"ListItem","position":1,"name":"Home","item":"https:\/\/circoloculturalesanfrancesco.org\/site\/"},{"@type":"ListItem","position":2,"name":"Il 2016 parte cos\u00ec\u2026"}]},{"@type":"Person","@id":"https:\/\/circoloculturalesanfrancesco.org\/site\/#\/schema\/person\/aaf2eff003877a067bad8f35656b0ec2","name":"admin","image":{"@type":"ImageObject","@id":"https:\/\/circoloculturalesanfrancesco.org\/site\/#personlogo","inLanguage":"it-IT","url":"https:\/\/secure.gravatar.com\/avatar\/4c528ef69a5e20c241fb0d2a3863e2fd?s=96&d=identicon&r=g","contentUrl":"https:\/\/secure.gravatar.com\/avatar\/4c528ef69a5e20c241fb0d2a3863e2fd?s=96&d=identicon&r=g","caption":"admin"},"sameAs":["http:\/\/www.circoloculturalesanfrancesco.org","https:\/\/www.facebook.com\/circoloculturalesanfrancescocatanzaro\/"],"url":"https:\/\/circoloculturalesanfrancesco.org\/site\/author\/panzulewicz\/"}]}},"_links":{"self":[{"href":"https:\/\/circoloculturalesanfrancesco.org\/site\/wp-json\/wp\/v2\/posts\/2688"}],"collection":[{"href":"https:\/\/circoloculturalesanfrancesco.org\/site\/wp-json\/wp\/v2\/posts"}],"about":[{"href":"https:\/\/circoloculturalesanfrancesco.org\/site\/wp-json\/wp\/v2\/types\/post"}],"author":[{"embeddable":true,"href":"https:\/\/circoloculturalesanfrancesco.org\/site\/wp-json\/wp\/v2\/users\/8"}],"replies":[{"embeddable":true,"href":"https:\/\/circoloculturalesanfrancesco.org\/site\/wp-json\/wp\/v2\/comments?post=2688"}],"version-history":[{"count":2,"href":"https:\/\/circoloculturalesanfrancesco.org\/site\/wp-json\/wp\/v2\/posts\/2688\/revisions"}],"predecessor-version":[{"id":2696,"href":"https:\/\/circoloculturalesanfrancesco.org\/site\/wp-json\/wp\/v2\/posts\/2688\/revisions\/2696"}],"wp:featuredmedia":[{"embeddable":true,"href":"https:\/\/circoloculturalesanfrancesco.org\/site\/wp-json\/wp\/v2\/media\/2693"}],"wp:attachment":[{"href":"https:\/\/circoloculturalesanfrancesco.org\/site\/wp-json\/wp\/v2\/media?parent=2688"}],"wp:term":[{"taxonomy":"category","embeddable":true,"href":"https:\/\/circoloculturalesanfrancesco.org\/site\/wp-json\/wp\/v2\/categories?post=2688"},{"taxonomy":"post_tag","embeddable":true,"href":"https:\/\/circoloculturalesanfrancesco.org\/site\/wp-json\/wp\/v2\/tags?post=2688"}],"curies":[{"name":"wp","href":"https:\/\/api.w.org\/{rel}","templated":true}]}}