{"id":2468,"date":"2015-12-22T18:18:29","date_gmt":"2015-12-22T17:18:29","guid":{"rendered":"http:\/\/circoloculturalesanfrancesco.org\/?p=2468"},"modified":"2016-01-02T22:12:40","modified_gmt":"2016-01-02T21:12:40","slug":"concerto-natalizio-una-star-con-il-sassofono","status":"publish","type":"post","link":"https:\/\/circoloculturalesanfrancesco.org\/site\/concerto-natalizio-una-star-con-il-sassofono\/","title":{"rendered":"Concerto natalizio: una star con il sassofono"},"content":{"rendered":"<div class=\"pdfprnt-buttons pdfprnt-buttons-post pdfprnt-top-right\"><a href=\"https:\/\/circoloculturalesanfrancesco.org\/site\/wp-json\/wp\/v2\/posts\/2468?print=pdf\" class=\"pdfprnt-button pdfprnt-button-pdf\" target=\"_blank\"><img decoding=\"async\" src=\"https:\/\/circoloculturalesanfrancesco.org\/site\/wp-content\/plugins\/pdf-print\/images\/pdf.png\" alt=\"image_pdf\" title=\"Visualizza PDF\" \/><\/a><a href=\"https:\/\/circoloculturalesanfrancesco.org\/site\/wp-json\/wp\/v2\/posts\/2468?print=print\" class=\"pdfprnt-button pdfprnt-button-print\" target=\"_blank\"><img decoding=\"async\" src=\"https:\/\/circoloculturalesanfrancesco.org\/site\/wp-content\/plugins\/pdf-print\/images\/print.png\" alt=\"image_print\" title=\"Stampa contenuto\" \/><\/a><\/div><p>Sabato 19 dicembre abbiamo vissuto un evento di grande pathos, musicale e conviviale: nella chiesa \u00abSacro Cuore\u00bb di Catanzaro Lido, alle ore 19, il<strong> Concerto natalizio<\/strong> \u2013 <strong>assoli di sassofono<\/strong> e in seguito, nel Salone \u00abS. Elisabetta d\u2019Ungheria\u00bb, lo <strong>scambio di auguri<\/strong> di Natale e di Capodanno. \u00c8 stato un evento molto intenso, promosso dall\u2019Associazione \u00abCircolo Culturale San Francesco\u00bb e patrocinato dal parroco della Parrocchia \u00abSacro Cuore\u00bb, p. Ilari Scali, offerto in omaggio alla cittadinanza dei valori e della solidariet\u00e0, ormai in clima natalizio.<\/p>\n<p style=\"text-align: justify;\"><a href=\"https:\/\/circoloculturalesanfrancesco.org\/site\/wp-content\/uploads\/2015\/12\/Assoli-di-sassofono-p.-11.jpg\"><img loading=\"lazy\" decoding=\"async\" class=\"size-thumbnail wp-image-2472 alignleft\" src=\"https:\/\/circoloculturalesanfrancesco.org\/site\/wp-content\/uploads\/2015\/12\/Assoli-di-sassofono-p.-11-150x150.jpg\" alt=\"Assoli di sassofono (p. 1)\" width=\"150\" height=\"150\" srcset=\"https:\/\/circoloculturalesanfrancesco.org\/site\/wp-content\/uploads\/2015\/12\/Assoli-di-sassofono-p.-11-150x150.jpg 150w, https:\/\/circoloculturalesanfrancesco.org\/site\/wp-content\/uploads\/2015\/12\/Assoli-di-sassofono-p.-11-66x66.jpg 66w\" sizes=\"(max-width: 150px) 100vw, 150px\" \/><\/a>Dopo un caloroso benvenuto rivolto dal presidente a coloro che hanno generosamente accolto l\u2019invito a questa straordinaria serata, la dott.ssa Teresa Cona, segretaria del Circolo, ha brevemente ricordato gli ideali del Circolo e le sue attivit\u00e0. \u201cIl Circolo \u2013 ha detto \u2013 \u00e8 un\u2019associazione nata il 15 febbraio 2012, come dono dei francescani \u2013 e in particolare del trio: p. Ilario Scali, p. Piotr Anzulewicz, che ne \u00e8 ideatore e presidente, e p. Giorgio Tassone \u2013 alla comunit\u00e0 parrocchiale e civile in occasione della chiusura del giubileo d\u2019oro della Parrocchia \u2018Sacro Cuore\u2019. Attualmente ne sono consiglieri: il maestro Luigi Cimino e l&#8217;avv. Peppino Frontera [e la segretaria]. Nel suo percorso, difficile e nello stesso tempo bello, il Circolo ha subito uno stato di \u2018coma indotto\u2019, ma, con il recupero dello Statuto originale, \u00e8 ritornato alla vita il 27 ottobre 2013, a 27 anni dallo storico <em>meeting<\/em> di Assisi convocato da s. Giovanni Paolo II. Non \u00e8 un\u2019Onlus per cui sopravvive con le quote associative e piccole donazioni. Non \u00e8 un gruppo parrocchiale, ma l\u2019opera parrocchiale per eccellenza, e come tale reca la benedizione di mons. Vincenzo Bertolone, attraverso una pergamena. \u00abL&#8217;esistenza del Circolo Culturale \u2013 scrive l\u2019Arcivescovo \u2013 \u00e8 un\u2019occasione da non perdere e chi ha care le sorti della Parrocchia e della collettivit\u00e0 civile non potr\u00e0 lasciar cadere nel vuoto l&#8217;essenziale opportunit\u00e0 di impegno \u2013 pastorale e culturale \u2013 che questa iniziativa potr\u00e0 dare\u00bb. Ci auguriamo davvero che essa sia sostenuta con entusiasmo da molti parrocchiani e coloro che credono che la cultura, anche in piena recessione, sia uno importante \u2018media\u2019 nella promozione della societ\u00e0 e appannaggio di tutti. Il Circolo, nel suo <em>curriculum<\/em>, ha diversi eventi, tra cui <em>Conversazioni sanfrancescane e sacro-profane<\/em> e Laboratorio di musica. Ogni venerd\u00ec alle ore 19.15, nel Salone \u00abS. Elisabetta d\u2019Ungheria\u00bb, si tengono due iniziative rivolte a tutti: <em>CineCircolo<\/em>, cio\u00e8 le proiezioni dei film con cinedibattito, e <em>WikiCircolo<\/em>, cio\u00e8 le Serate conviviali con aperitivo. In cantiere sono nuove edizioni delle Serate conviviali e cinematografiche. Il Circolo gestisce il proprio Sito Internet: <a href=\"https:\/\/circoloculturalesanfrancesco.org\/site\">https:\/\/circoloculturalesanfrancesco.org\/site<\/a>, e la pagina di Facebook: <a href=\"http:\/\/www.facebook.com\/circoloculturalesanfrancescocatanzaro\/\">www.facebook.com\/circoloculturalesanfrancescocatanzaro\/<\/a>. Questa sera, in prossimit\u00e0 del Natale, insieme al Parroco, offre un concerto unico nella sua natura: uno strumento a fiato, \u00absassofono tenore\u00bb, magistralmente suonato dal maestro Cimino che ci trasciner\u00e0, toccando i nostri cuori, verso il pi\u00f9 intimo pensiero degli autori dei brani eseguiti in due parti\u201d.<\/p>\n<p style=\"text-align: justify;\"><a href=\"https:\/\/circoloculturalesanfrancesco.org\/site\/wp-content\/uploads\/2015\/12\/IMG_20151219_194819.jpg\"><img loading=\"lazy\" decoding=\"async\" class=\"alignleft size-thumbnail wp-image-2482\" src=\"https:\/\/circoloculturalesanfrancesco.org\/site\/wp-content\/uploads\/2015\/12\/IMG_20151219_194819-150x150.jpg\" alt=\"IMG_20151219_194819\" width=\"150\" height=\"150\" srcset=\"https:\/\/circoloculturalesanfrancesco.org\/site\/wp-content\/uploads\/2015\/12\/IMG_20151219_194819-150x150.jpg 150w, https:\/\/circoloculturalesanfrancesco.org\/site\/wp-content\/uploads\/2015\/12\/IMG_20151219_194819-66x66.jpg 66w\" sizes=\"(max-width: 150px) 100vw, 150px\" \/><\/a><a href=\"https:\/\/circoloculturalesanfrancesco.org\/site\/wp-content\/uploads\/2015\/12\/IMG_1405.jpg\"><img loading=\"lazy\" decoding=\"async\" class=\"size-thumbnail wp-image-2480 alignleft\" src=\"https:\/\/circoloculturalesanfrancesco.org\/site\/wp-content\/uploads\/2015\/12\/IMG_1405-150x150.jpg\" alt=\"IMG_1405\" width=\"150\" height=\"150\" srcset=\"https:\/\/circoloculturalesanfrancesco.org\/site\/wp-content\/uploads\/2015\/12\/IMG_1405-150x150.jpg 150w, https:\/\/circoloculturalesanfrancesco.org\/site\/wp-content\/uploads\/2015\/12\/IMG_1405-66x66.jpg 66w\" sizes=\"(max-width: 150px) 100vw, 150px\" \/><\/a><a href=\"https:\/\/circoloculturalesanfrancesco.org\/site\/wp-content\/uploads\/2015\/12\/DSCF8328.jpg\"><img loading=\"lazy\" decoding=\"async\" class=\"alignleft size-thumbnail wp-image-2478\" src=\"https:\/\/circoloculturalesanfrancesco.org\/site\/wp-content\/uploads\/2015\/12\/DSCF8328-150x150.jpg\" alt=\"DSCF8328\" width=\"150\" height=\"150\" srcset=\"https:\/\/circoloculturalesanfrancesco.org\/site\/wp-content\/uploads\/2015\/12\/DSCF8328-150x150.jpg 150w, https:\/\/circoloculturalesanfrancesco.org\/site\/wp-content\/uploads\/2015\/12\/DSCF8328-66x66.jpg 66w\" sizes=\"(max-width: 150px) 100vw, 150px\" \/><\/a><a href=\"https:\/\/circoloculturalesanfrancesco.org\/site\/wp-content\/uploads\/2015\/12\/IMG_1405.jpg\"><img loading=\"lazy\" decoding=\"async\" class=\"alignleft size-thumbnail wp-image-2479\" src=\"https:\/\/circoloculturalesanfrancesco.org\/site\/wp-content\/uploads\/2015\/12\/IMG_1401-150x150.jpg\" alt=\"IMG_1401\" width=\"150\" height=\"150\" srcset=\"https:\/\/circoloculturalesanfrancesco.org\/site\/wp-content\/uploads\/2015\/12\/IMG_1401-150x150.jpg 150w, https:\/\/circoloculturalesanfrancesco.org\/site\/wp-content\/uploads\/2015\/12\/IMG_1401-66x66.jpg 66w\" sizes=\"(max-width: 150px) 100vw, 150px\" \/><\/a>L\u2019avv. Peppino Frontera ha presentato, quindi, il protagonista di questa serata e il suo repertorio, pubblicato da tempo sul Sito Web e riportato anche sulla brochure a disposizione dei presenti. Il maestro <strong>Luigi Cimino<\/strong> \u00e8 sassofonista, arrangiatore-compositore, direttore del complesso bandistico \u00abGiuseppe Cimino\u00bb di Cropani, docente di musica nelle scuole statali, allievo prediletto dei maestri: John LaPorta (\u2020 2004) \u2013 jazz clarinettista e sassofonista americano, Gil Evans (\u2020 1988) \u2013 arrangiatore, direttore d\u2019orchestra, pianista, compositore e innovatore canadese nei campi del <em>cool jazz<\/em>, jazz modale e jazz elettrico, ed anche di Giorgio Gaslini (\u2020 2014) \u2013 compositore, direttore d\u2019orchestra, pianista, uno tra i pi\u00f9 prolifici jazzisti italiani, Franco Donatoni (\u2020 2000) \u2013 compositore e docente, Salvatore Caroleo (n. 1916) \u2013 rinomato maestro galianese, Giancarlo Gazzani (n. 1941) \u2013 arrangiatore, direttore di orchestre sinfoniche, presidente di esercitazioni orchestrali presso il Conservatorio di Torino.<\/p>\n<p style=\"text-align: justify;\"><a href=\"https:\/\/circoloculturalesanfrancesco.org\/site\/wp-content\/uploads\/2015\/12\/Assoli-di-sassofono-p.-21.jpg\"><img loading=\"lazy\" decoding=\"async\" class=\"size-thumbnail wp-image-2473 alignleft\" src=\"https:\/\/circoloculturalesanfrancesco.org\/site\/wp-content\/uploads\/2015\/12\/Assoli-di-sassofono-p.-21-150x150.jpg\" alt=\"Assoli di sassofono (p. 2)\" width=\"150\" height=\"150\" srcset=\"https:\/\/circoloculturalesanfrancesco.org\/site\/wp-content\/uploads\/2015\/12\/Assoli-di-sassofono-p.-21-150x150.jpg 150w, https:\/\/circoloculturalesanfrancesco.org\/site\/wp-content\/uploads\/2015\/12\/Assoli-di-sassofono-p.-21-66x66.jpg 66w\" sizes=\"(max-width: 150px) 100vw, 150px\" \/><\/a>Accompagnato dai commoventi filmati musicali, proiettati da Ghenadi Cimino con aiuto del suo amico Gabriele, sul grande schermo collocato nel presbiterio, ha eseguito, nella prima parte, le celebri opere: l\u2019<em>Adagio<\/em> di Tomaso Albinoni (\u2020 1751), la <em>Vergine degli angeli<\/em> di Giuseppe Verdi (\u2020 1901) e l\u2019<em>Ave Maria<\/em> di Charles Gounod (\u2020 1893), e, nella seconda parte, le note <em>Christmas Carols<\/em>: <em>Stille Nacht<\/em>, <em>White Christmas<\/em>, <em>Jingle Bells<\/em>, <em>Happy Christmas<\/em>, <em>Tu scendi dalle stelle<\/em>. Tutti i brani erano stati previamente rielaborati e riarmonizzati nella loro struttura ed eseguiti egregiamente, in maniera improvvisata, destando un\u2019estatica ammirazione e suscitando un meritato applauso. Il Parroco ha espresso verso il Maestro un particolare apprezzamento, a nome di tutti i presenti, tra cui addirittura alcuni di Palmi.<\/p>\n<p style=\"text-align: justify;\"><a href=\"https:\/\/circoloculturalesanfrancesco.org\/site\/wp-content\/uploads\/2015\/12\/IMG_1506.jpg\"><img loading=\"lazy\" decoding=\"async\" class=\"alignright size-thumbnail wp-image-2522\" src=\"https:\/\/circoloculturalesanfrancesco.org\/site\/wp-content\/uploads\/2015\/12\/IMG_1506-150x150.jpg\" alt=\"IMG_1506\" width=\"150\" height=\"150\" srcset=\"https:\/\/circoloculturalesanfrancesco.org\/site\/wp-content\/uploads\/2015\/12\/IMG_1506-150x150.jpg 150w, https:\/\/circoloculturalesanfrancesco.org\/site\/wp-content\/uploads\/2015\/12\/IMG_1506-66x66.jpg 66w\" sizes=\"(max-width: 150px) 100vw, 150px\" \/><\/a><a href=\"https:\/\/circoloculturalesanfrancesco.org\/site\/wp-content\/uploads\/2015\/12\/IMG_1506.jpg\"><img loading=\"lazy\" decoding=\"async\" class=\"wp-image-2527 size-thumbnail alignright\" src=\"https:\/\/circoloculturalesanfrancesco.org\/site\/wp-content\/uploads\/2015\/12\/IMG_1518-150x150.jpg\" alt=\"IMG_1518\" width=\"150\" height=\"150\" srcset=\"https:\/\/circoloculturalesanfrancesco.org\/site\/wp-content\/uploads\/2015\/12\/IMG_1518-150x150.jpg 150w, https:\/\/circoloculturalesanfrancesco.org\/site\/wp-content\/uploads\/2015\/12\/IMG_1518-66x66.jpg 66w\" sizes=\"(max-width: 150px) 100vw, 150px\" \/><\/a><a href=\"https:\/\/circoloculturalesanfrancesco.org\/site\/wp-content\/uploads\/2015\/12\/IMG_1458.jpg\"><img loading=\"lazy\" decoding=\"async\" class=\"alignright size-thumbnail wp-image-2519\" src=\"https:\/\/circoloculturalesanfrancesco.org\/site\/wp-content\/uploads\/2015\/12\/IMG_1458-150x150.jpg\" alt=\"IMG_1458\" width=\"150\" height=\"150\" srcset=\"https:\/\/circoloculturalesanfrancesco.org\/site\/wp-content\/uploads\/2015\/12\/IMG_1458-150x150.jpg 150w, https:\/\/circoloculturalesanfrancesco.org\/site\/wp-content\/uploads\/2015\/12\/IMG_1458-66x66.jpg 66w\" sizes=\"(max-width: 150px) 100vw, 150px\" \/><\/a><a href=\"https:\/\/circoloculturalesanfrancesco.org\/site\/wp-content\/uploads\/2015\/12\/IMG_1506.jpg\"><img loading=\"lazy\" decoding=\"async\" class=\"alignright size-thumbnail wp-image-2510\" src=\"https:\/\/circoloculturalesanfrancesco.org\/site\/wp-content\/uploads\/2015\/12\/IMG_1411-150x150.jpg\" alt=\"IMG_1411\" width=\"150\" height=\"150\" srcset=\"https:\/\/circoloculturalesanfrancesco.org\/site\/wp-content\/uploads\/2015\/12\/IMG_1411-150x150.jpg 150w, https:\/\/circoloculturalesanfrancesco.org\/site\/wp-content\/uploads\/2015\/12\/IMG_1411-66x66.jpg 66w\" sizes=\"(max-width: 150px) 100vw, 150px\" \/><\/a>La festa musicale per\u00f2 non si \u00e8 esaurita qui. In seguito, durante lo scambio di auguri e un rinfresco nel Salone \u00abS. Elisabetta d\u2019Ungheria\u00bb, il Maestro ha eseguito canti natalizi tipici della terra calabrese, alcuni inediti. Grazie agli amici e ai soci del Circolo, sui tavoli c\u2019erano vari tipi di\u00a0dolci natalizi e di pietanze squisite per tutti. Un rinfresco raffinato e delizioso, con il brindisi in segno di un affettuoso augurio per il Natale e il nuovo Anno.<\/p>\n<p style=\"text-align: right;\"><em>Piotr Anzulewicz OFMConv<\/em><\/p>\n","protected":false},"excerpt":{"rendered":"<p>Sabato 19 dicembre abbiamo vissuto un evento di grande pathos, musicale e conviviale: nella chiesa \u00abSacro Cuore\u00bb di Catanzaro Lido, alle ore 19, il Concerto natalizio \u2013 assoli di sassofono e in seguito, nel&#46;&#46;&#46;<\/p>\n","protected":false},"author":8,"featured_media":2469,"comment_status":"open","ping_status":"closed","sticky":false,"template":"","format":"standard","meta":{"ngg_post_thumbnail":0,"footnotes":""},"categories":[8,7],"tags":[59,17,88,87],"yoast_head":"<!-- This site is optimized with the Yoast SEO plugin v18.3 - https:\/\/yoast.com\/wordpress\/plugins\/seo\/ -->\n<title>Concerto natalizio: una star con il sassofono -<\/title>\n<meta name=\"robots\" content=\"index, follow, max-snippet:-1, max-image-preview:large, max-video-preview:-1\" \/>\n<link rel=\"canonical\" href=\"https:\/\/circoloculturalesanfrancesco.org\/concerto-natalizio-una-star-con-il-sassofono\/\" \/>\n<meta property=\"og:locale\" content=\"it_IT\" \/>\n<meta property=\"og:type\" content=\"article\" \/>\n<meta property=\"og:title\" content=\"Concerto natalizio: una star con il sassofono -\" \/>\n<meta property=\"og:description\" content=\"Sabato 19 dicembre abbiamo vissuto un evento di grande pathos, musicale e conviviale: nella chiesa \u00abSacro Cuore\u00bb di Catanzaro Lido, alle ore 19, il Concerto natalizio \u2013 assoli di sassofono e in seguito, nel&#046;&#046;&#046;\" \/>\n<meta property=\"og:url\" content=\"https:\/\/circoloculturalesanfrancesco.org\/concerto-natalizio-una-star-con-il-sassofono\/\" \/>\n<meta property=\"article:author\" content=\"https:\/\/www.facebook.com\/circoloculturalesanfrancescocatanzaro\/\" \/>\n<meta property=\"article:published_time\" content=\"2015-12-22T17:18:29+00:00\" \/>\n<meta property=\"article:modified_time\" content=\"2016-01-02T21:12:40+00:00\" \/>\n<meta property=\"og:image\" content=\"https:\/\/circoloculturalesanfrancesco.org\/site\/wp-content\/uploads\/2015\/12\/Sassofono.jpg\" \/>\n\t<meta property=\"og:image:width\" content=\"219\" \/>\n\t<meta property=\"og:image:height\" content=\"230\" \/>\n\t<meta property=\"og:image:type\" content=\"image\/jpeg\" \/>\n<meta name=\"twitter:label1\" content=\"Scritto da\" \/>\n\t<meta name=\"twitter:data1\" content=\"admin\" \/>\n\t<meta name=\"twitter:label2\" content=\"Tempo di lettura stimato\" \/>\n\t<meta name=\"twitter:data2\" content=\"4 minuti\" \/>\n<script type=\"application\/ld+json\" class=\"yoast-schema-graph\">{\"@context\":\"https:\/\/schema.org\",\"@graph\":[{\"@type\":\"WebSite\",\"@id\":\"https:\/\/circoloculturalesanfrancesco.org\/site\/#website\",\"url\":\"https:\/\/circoloculturalesanfrancesco.org\/site\/\",\"name\":\"\",\"description\":\"\",\"potentialAction\":[{\"@type\":\"SearchAction\",\"target\":{\"@type\":\"EntryPoint\",\"urlTemplate\":\"https:\/\/circoloculturalesanfrancesco.org\/site\/?s={search_term_string}\"},\"query-input\":\"required name=search_term_string\"}],\"inLanguage\":\"it-IT\"},{\"@type\":\"ImageObject\",\"@id\":\"https:\/\/circoloculturalesanfrancesco.org\/concerto-natalizio-una-star-con-il-sassofono\/#primaryimage\",\"inLanguage\":\"it-IT\",\"url\":\"https:\/\/circoloculturalesanfrancesco.org\/site\/wp-content\/uploads\/2015\/12\/Sassofono.jpg\",\"contentUrl\":\"https:\/\/circoloculturalesanfrancesco.org\/site\/wp-content\/uploads\/2015\/12\/Sassofono.jpg\",\"width\":219,\"height\":230},{\"@type\":\"WebPage\",\"@id\":\"https:\/\/circoloculturalesanfrancesco.org\/concerto-natalizio-una-star-con-il-sassofono\/#webpage\",\"url\":\"https:\/\/circoloculturalesanfrancesco.org\/concerto-natalizio-una-star-con-il-sassofono\/\",\"name\":\"Concerto natalizio: una star con il sassofono -\",\"isPartOf\":{\"@id\":\"https:\/\/circoloculturalesanfrancesco.org\/site\/#website\"},\"primaryImageOfPage\":{\"@id\":\"https:\/\/circoloculturalesanfrancesco.org\/concerto-natalizio-una-star-con-il-sassofono\/#primaryimage\"},\"datePublished\":\"2015-12-22T17:18:29+00:00\",\"dateModified\":\"2016-01-02T21:12:40+00:00\",\"author\":{\"@id\":\"https:\/\/circoloculturalesanfrancesco.org\/site\/#\/schema\/person\/aaf2eff003877a067bad8f35656b0ec2\"},\"breadcrumb\":{\"@id\":\"https:\/\/circoloculturalesanfrancesco.org\/concerto-natalizio-una-star-con-il-sassofono\/#breadcrumb\"},\"inLanguage\":\"it-IT\",\"potentialAction\":[{\"@type\":\"ReadAction\",\"target\":[\"https:\/\/circoloculturalesanfrancesco.org\/concerto-natalizio-una-star-con-il-sassofono\/\"]}]},{\"@type\":\"BreadcrumbList\",\"@id\":\"https:\/\/circoloculturalesanfrancesco.org\/concerto-natalizio-una-star-con-il-sassofono\/#breadcrumb\",\"itemListElement\":[{\"@type\":\"ListItem\",\"position\":1,\"name\":\"Home\",\"item\":\"https:\/\/circoloculturalesanfrancesco.org\/site\/\"},{\"@type\":\"ListItem\",\"position\":2,\"name\":\"Concerto natalizio: una star con il sassofono\"}]},{\"@type\":\"Person\",\"@id\":\"https:\/\/circoloculturalesanfrancesco.org\/site\/#\/schema\/person\/aaf2eff003877a067bad8f35656b0ec2\",\"name\":\"admin\",\"image\":{\"@type\":\"ImageObject\",\"@id\":\"https:\/\/circoloculturalesanfrancesco.org\/site\/#personlogo\",\"inLanguage\":\"it-IT\",\"url\":\"https:\/\/secure.gravatar.com\/avatar\/4c528ef69a5e20c241fb0d2a3863e2fd?s=96&d=identicon&r=g\",\"contentUrl\":\"https:\/\/secure.gravatar.com\/avatar\/4c528ef69a5e20c241fb0d2a3863e2fd?s=96&d=identicon&r=g\",\"caption\":\"admin\"},\"sameAs\":[\"http:\/\/www.circoloculturalesanfrancesco.org\",\"https:\/\/www.facebook.com\/circoloculturalesanfrancescocatanzaro\/\"],\"url\":\"https:\/\/circoloculturalesanfrancesco.org\/site\/author\/panzulewicz\/\"}]}<\/script>\n<!-- \/ Yoast SEO plugin. -->","yoast_head_json":{"title":"Concerto natalizio: una star con il sassofono -","robots":{"index":"index","follow":"follow","max-snippet":"max-snippet:-1","max-image-preview":"max-image-preview:large","max-video-preview":"max-video-preview:-1"},"canonical":"https:\/\/circoloculturalesanfrancesco.org\/concerto-natalizio-una-star-con-il-sassofono\/","og_locale":"it_IT","og_type":"article","og_title":"Concerto natalizio: una star con il sassofono -","og_description":"Sabato 19 dicembre abbiamo vissuto un evento di grande pathos, musicale e conviviale: nella chiesa \u00abSacro Cuore\u00bb di Catanzaro Lido, alle ore 19, il Concerto natalizio \u2013 assoli di sassofono e in seguito, nel&#46;&#46;&#46;","og_url":"https:\/\/circoloculturalesanfrancesco.org\/concerto-natalizio-una-star-con-il-sassofono\/","article_author":"https:\/\/www.facebook.com\/circoloculturalesanfrancescocatanzaro\/","article_published_time":"2015-12-22T17:18:29+00:00","article_modified_time":"2016-01-02T21:12:40+00:00","og_image":[{"width":219,"height":230,"url":"https:\/\/circoloculturalesanfrancesco.org\/site\/wp-content\/uploads\/2015\/12\/Sassofono.jpg","type":"image\/jpeg"}],"twitter_misc":{"Scritto da":"admin","Tempo di lettura stimato":"4 minuti"},"schema":{"@context":"https:\/\/schema.org","@graph":[{"@type":"WebSite","@id":"https:\/\/circoloculturalesanfrancesco.org\/site\/#website","url":"https:\/\/circoloculturalesanfrancesco.org\/site\/","name":"","description":"","potentialAction":[{"@type":"SearchAction","target":{"@type":"EntryPoint","urlTemplate":"https:\/\/circoloculturalesanfrancesco.org\/site\/?s={search_term_string}"},"query-input":"required name=search_term_string"}],"inLanguage":"it-IT"},{"@type":"ImageObject","@id":"https:\/\/circoloculturalesanfrancesco.org\/concerto-natalizio-una-star-con-il-sassofono\/#primaryimage","inLanguage":"it-IT","url":"https:\/\/circoloculturalesanfrancesco.org\/site\/wp-content\/uploads\/2015\/12\/Sassofono.jpg","contentUrl":"https:\/\/circoloculturalesanfrancesco.org\/site\/wp-content\/uploads\/2015\/12\/Sassofono.jpg","width":219,"height":230},{"@type":"WebPage","@id":"https:\/\/circoloculturalesanfrancesco.org\/concerto-natalizio-una-star-con-il-sassofono\/#webpage","url":"https:\/\/circoloculturalesanfrancesco.org\/concerto-natalizio-una-star-con-il-sassofono\/","name":"Concerto natalizio: una star con il sassofono -","isPartOf":{"@id":"https:\/\/circoloculturalesanfrancesco.org\/site\/#website"},"primaryImageOfPage":{"@id":"https:\/\/circoloculturalesanfrancesco.org\/concerto-natalizio-una-star-con-il-sassofono\/#primaryimage"},"datePublished":"2015-12-22T17:18:29+00:00","dateModified":"2016-01-02T21:12:40+00:00","author":{"@id":"https:\/\/circoloculturalesanfrancesco.org\/site\/#\/schema\/person\/aaf2eff003877a067bad8f35656b0ec2"},"breadcrumb":{"@id":"https:\/\/circoloculturalesanfrancesco.org\/concerto-natalizio-una-star-con-il-sassofono\/#breadcrumb"},"inLanguage":"it-IT","potentialAction":[{"@type":"ReadAction","target":["https:\/\/circoloculturalesanfrancesco.org\/concerto-natalizio-una-star-con-il-sassofono\/"]}]},{"@type":"BreadcrumbList","@id":"https:\/\/circoloculturalesanfrancesco.org\/concerto-natalizio-una-star-con-il-sassofono\/#breadcrumb","itemListElement":[{"@type":"ListItem","position":1,"name":"Home","item":"https:\/\/circoloculturalesanfrancesco.org\/site\/"},{"@type":"ListItem","position":2,"name":"Concerto natalizio: una star con il sassofono"}]},{"@type":"Person","@id":"https:\/\/circoloculturalesanfrancesco.org\/site\/#\/schema\/person\/aaf2eff003877a067bad8f35656b0ec2","name":"admin","image":{"@type":"ImageObject","@id":"https:\/\/circoloculturalesanfrancesco.org\/site\/#personlogo","inLanguage":"it-IT","url":"https:\/\/secure.gravatar.com\/avatar\/4c528ef69a5e20c241fb0d2a3863e2fd?s=96&d=identicon&r=g","contentUrl":"https:\/\/secure.gravatar.com\/avatar\/4c528ef69a5e20c241fb0d2a3863e2fd?s=96&d=identicon&r=g","caption":"admin"},"sameAs":["http:\/\/www.circoloculturalesanfrancesco.org","https:\/\/www.facebook.com\/circoloculturalesanfrancescocatanzaro\/"],"url":"https:\/\/circoloculturalesanfrancesco.org\/site\/author\/panzulewicz\/"}]}},"_links":{"self":[{"href":"https:\/\/circoloculturalesanfrancesco.org\/site\/wp-json\/wp\/v2\/posts\/2468"}],"collection":[{"href":"https:\/\/circoloculturalesanfrancesco.org\/site\/wp-json\/wp\/v2\/posts"}],"about":[{"href":"https:\/\/circoloculturalesanfrancesco.org\/site\/wp-json\/wp\/v2\/types\/post"}],"author":[{"embeddable":true,"href":"https:\/\/circoloculturalesanfrancesco.org\/site\/wp-json\/wp\/v2\/users\/8"}],"replies":[{"embeddable":true,"href":"https:\/\/circoloculturalesanfrancesco.org\/site\/wp-json\/wp\/v2\/comments?post=2468"}],"version-history":[{"count":15,"href":"https:\/\/circoloculturalesanfrancesco.org\/site\/wp-json\/wp\/v2\/posts\/2468\/revisions"}],"predecessor-version":[{"id":2486,"href":"https:\/\/circoloculturalesanfrancesco.org\/site\/wp-json\/wp\/v2\/posts\/2468\/revisions\/2486"}],"wp:featuredmedia":[{"embeddable":true,"href":"https:\/\/circoloculturalesanfrancesco.org\/site\/wp-json\/wp\/v2\/media\/2469"}],"wp:attachment":[{"href":"https:\/\/circoloculturalesanfrancesco.org\/site\/wp-json\/wp\/v2\/media?parent=2468"}],"wp:term":[{"taxonomy":"category","embeddable":true,"href":"https:\/\/circoloculturalesanfrancesco.org\/site\/wp-json\/wp\/v2\/categories?post=2468"},{"taxonomy":"post_tag","embeddable":true,"href":"https:\/\/circoloculturalesanfrancesco.org\/site\/wp-json\/wp\/v2\/tags?post=2468"}],"curies":[{"name":"wp","href":"https:\/\/api.w.org\/{rel}","templated":true}]}}